{"id":373508,"date":"2022-11-17T07:10:00","date_gmt":"2022-11-17T11:10:00","guid":{"rendered":"http:\/\/primermomento.com\/?p=373508"},"modified":"2022-11-17T14:17:32","modified_gmt":"2022-11-17T18:17:32","slug":"banl-tres-afamados-artistas-desfilaron-por-la-plaza-joaquin-sergio-inchaustegui","status":"publish","type":"post","link":"https:\/\/primermomento.com\/?p=373508","title":{"rendered":"BAN\u013a | Tres afamados artistas desfilaron por la plaza Joaqu\u00edn Inchaustegui"},"content":{"rendered":"\n<p class=\"wp-block-paragraph\">BAN\u013a, Rep\u00fablica Dominicana.- Con mucho entusiasmo y la asistencia de un masivo p\u00fablico ayer mi\u00e9rcoles 16 de noviembre continu\u00f3 la celebraci\u00f3n de las Fiestas Patronales Ban\u00ed 2022 en honor a la virgen Nuestra Se\u00f1ora de Regla, cuando 3 afamados artistas desfilaron por la plaza Joaqu\u00edn Sergio Inchaustegui.<\/p>\n\n\n<div class=\"wp-block-image\">\n<figure class=\"aligncenter size-full\"><img loading=\"lazy\" decoding=\"async\" width=\"596\" height=\"398\" src=\"http:\/\/primermomento.com\/wp-content\/uploads\/2022\/11\/MARCEL-Y-KIKO-RODRIGUEZ.jpg\" alt=\"\" class=\"wp-image-373509\" srcset=\"https:\/\/primermomento.com\/wp-content\/uploads\/2022\/11\/MARCEL-Y-KIKO-RODRIGUEZ.jpg 596w, https:\/\/primermomento.com\/wp-content\/uploads\/2022\/11\/MARCEL-Y-KIKO-RODRIGUEZ-300x200.jpg 300w, https:\/\/primermomento.com\/wp-content\/uploads\/2022\/11\/MARCEL-Y-KIKO-RODRIGUEZ-73x50.jpg 73w, https:\/\/primermomento.com\/wp-content\/uploads\/2022\/11\/MARCEL-Y-KIKO-RODRIGUEZ-500x334.jpg 500w, https:\/\/primermomento.com\/wp-content\/uploads\/2022\/11\/MARCEL-Y-KIKO-RODRIGUEZ-280x187.jpg 280w, https:\/\/primermomento.com\/wp-content\/uploads\/2022\/11\/MARCEL-Y-KIKO-RODRIGUEZ-60x40.jpg 60w, https:\/\/primermomento.com\/wp-content\/uploads\/2022\/11\/MARCEL-Y-KIKO-RODRIGUEZ-118x79.jpg 118w, https:\/\/primermomento.com\/wp-content\/uploads\/2022\/11\/MARCEL-Y-KIKO-RODRIGUEZ-479x320.jpg 479w\" sizes=\"auto, (max-width: 596px) 100vw, 596px\" \/><\/figure>\n<\/div>\n\n\n<p class=\"wp-block-paragraph\">A casa llena se pudo describir esta entrega n\u00famero 07, en la que se presentaron los cantantes Marcel Piel Morena, Kiko Rodr\u00edguez y Crawly el Arm\u00f3nico, los que fueron ovacionados por los espectadores quienes con mucha algarab\u00eda coreaban todos sus \u00e9xitos interpretados en cada entrega.<\/p>\n\n\n\n<p class=\"wp-block-paragraph\">Se puede decir que se ofreci\u00f3 un tremendo espect\u00e1culo en este lugar, donde estuvieron interactuando con los asistentes la reina de las festividades Princel D\u00edaz, virreina Cristin Reynoso y princesa Eliana F\u00e9lix.<\/p>\n\n\n\n<p class=\"wp-block-paragraph\">Previamente a las 7:00PM, se efectu\u00f3 la novena como de costumbre oficiada en la catedral que lleva el nombre de la patrona del pueblo de Ban\u00ed, en esta ocasi\u00f3n estuvo presidida por los padres Samuel Casilla y Roberto Victorino, con la participaci\u00f3n del coro Luz Divina y fue dedicado al sector construcci\u00f3n, arquitectos, ingenieros, agrimensores, Instituto de Tasadores Dominicanos, ferreteros, alba\u00f1iles, y maestros constructores.<\/p>\n\n\n\n<p class=\"wp-block-paragraph\">El parque central Marcos A. Cabral tambi\u00e9n luci\u00f3 abarrotado de personas tom\u00e1ndose sus fotos de recuerdo en cada uno de los escenarios que fueron creados alusivos a la navidad, \u00e9poca m\u00e1s emotiva del a\u00f1o. Cada uno de sus atractivos como el nacimiento del ni\u00f1o Jes\u00fas, el \u00e1rbol gigante, as\u00ed como las ornamentaciones cobran vida en este hermoso escenario decembrino.<\/p>\n\n\n\n<p class=\"wp-block-paragraph\">Hoy jueves 17 de noviembre a las 2:00PM el Movimiento Cultural Peraviano tendr\u00e1 a su cargo la impartici\u00f3n de un taller de arte esc\u00e9nica en la escuela Mar\u00eda de Hostos, mientras a partir de las 9:00PM se estar\u00e1 dedicando a cantantes y grupos culturales locales.<\/p>\n","protected":false},"excerpt":{"rendered":"<p>BAN\u013a, Rep\u00fablica Dominicana.- Con mucho entusiasmo y la asistencia de un masivo p\u00fablico ayer mi\u00e9rcoles 16 de noviembre continu\u00f3 la celebraci\u00f3n de las Fiestas Patronales Ban\u00ed 2022 en honor a la virgen Nuestra Se\u00f1ora de Regla, cuando 3 afamados artistas desfilaron por la plaza Joaqu\u00edn Sergio Inchaustegui. A casa llena se pudo describir esta entrega [&hellip;]<\/p>\n","protected":false},"author":1,"featured_media":0,"comment_status":"open","ping_status":"open","sticky":false,"template":"","format":"standard","meta":{"_bbp_topic_count":0,"_bbp_reply_count":0,"_bbp_total_topic_count":0,"_bbp_total_reply_count":0,"_bbp_voice_count":0,"_bbp_anonymous_reply_count":0,"_bbp_topic_count_hidden":0,"_bbp_reply_count_hidden":0,"_bbp_forum_subforum_count":0,"footnotes":""},"categories":[39,60],"tags":[],"class_list":["post-373508","post","type-post","status-publish","format-standard","category-entretenimiento","category-titulares-del-dia"],"_links":{"self":[{"href":"https:\/\/primermomento.com\/index.php?rest_route=\/wp\/v2\/posts\/373508","targetHints":{"allow":["GET"]}}],"collection":[{"href":"https:\/\/primermomento.com\/index.php?rest_route=\/wp\/v2\/posts"}],"about":[{"href":"https:\/\/primermomento.com\/index.php?rest_route=\/wp\/v2\/types\/post"}],"author":[{"embeddable":true,"href":"https:\/\/primermomento.com\/index.php?rest_route=\/wp\/v2\/users\/1"}],"replies":[{"embeddable":true,"href":"https:\/\/primermomento.com\/index.php?rest_route=%2Fwp%2Fv2%2Fcomments&post=373508"}],"version-history":[{"count":2,"href":"https:\/\/primermomento.com\/index.php?rest_route=\/wp\/v2\/posts\/373508\/revisions"}],"predecessor-version":[{"id":373511,"href":"https:\/\/primermomento.com\/index.php?rest_route=\/wp\/v2\/posts\/373508\/revisions\/373511"}],"wp:attachment":[{"href":"https:\/\/primermomento.com\/index.php?rest_route=%2Fwp%2Fv2%2Fmedia&parent=373508"}],"wp:term":[{"taxonomy":"category","embeddable":true,"href":"https:\/\/primermomento.com\/index.php?rest_route=%2Fwp%2Fv2%2Fcategories&post=373508"},{"taxonomy":"post_tag","embeddable":true,"href":"https:\/\/primermomento.com\/index.php?rest_route=%2Fwp%2Fv2%2Ftags&post=373508"}],"curies":[{"name":"wp","href":"https:\/\/api.w.org\/{rel}","templated":true}]}}