{"id":373761,"date":"2022-11-22T08:33:38","date_gmt":"2022-11-22T12:33:38","guid":{"rendered":"http:\/\/primermomento.com\/?p=373761"},"modified":"2022-11-22T08:34:27","modified_gmt":"2022-11-22T12:34:27","slug":"muerte-de-pablo-milanes-une-en-el-dolor-a-los-cubanos","status":"publish","type":"post","link":"https:\/\/primermomento.com\/?p=373761","title":{"rendered":"Muerte de cantautor Pablo Milan\u00e9s une en el dolor a los cubanos"},"content":{"rendered":"\n<p class=\"wp-block-paragraph\">LA HABANA, Cuba.- Basta revisar las redes sociales para coincidir en que el fallecimiento del cantautor Pablo Milan\u00e9s en Madrid une hoy en el dolor a los nacidos en Cuba, a pesar de diferencias pol\u00edticas o preferencias musicales.<\/p>\n\n\n<div class=\"wp-block-image\">\n<figure class=\"aligncenter size-full\"><img loading=\"lazy\" decoding=\"async\" width=\"1003\" height=\"768\" src=\"http:\/\/primermomento.com\/wp-content\/uploads\/2022\/11\/Pablo-Milanes-2.jpg\" alt=\"\" class=\"wp-image-373762\" srcset=\"https:\/\/primermomento.com\/wp-content\/uploads\/2022\/11\/Pablo-Milanes-2.jpg 1003w, https:\/\/primermomento.com\/wp-content\/uploads\/2022\/11\/Pablo-Milanes-2-300x230.jpg 300w, https:\/\/primermomento.com\/wp-content\/uploads\/2022\/11\/Pablo-Milanes-2-768x588.jpg 768w, https:\/\/primermomento.com\/wp-content\/uploads\/2022\/11\/Pablo-Milanes-2-500x383.jpg 500w, https:\/\/primermomento.com\/wp-content\/uploads\/2022\/11\/Pablo-Milanes-2-280x214.jpg 280w, https:\/\/primermomento.com\/wp-content\/uploads\/2022\/11\/Pablo-Milanes-2-638x489.jpg 638w, https:\/\/primermomento.com\/wp-content\/uploads\/2022\/11\/Pablo-Milanes-2-118x90.jpg 118w, https:\/\/primermomento.com\/wp-content\/uploads\/2022\/11\/Pablo-Milanes-2-479x367.jpg 479w\" sizes=\"auto, (max-width: 1003px) 100vw, 1003px\" \/><\/figure>\n<\/div>\n\n\n<p class=\"wp-block-paragraph\">Y es que las canciones del fundador del Movimiento Nueva Trova cubana, junto a Silvio Rodr\u00edguez y Noel Nicola, son parte indiscutible de la banda sonora de la historia de las ultimas seis d\u00e9cadas en la isla caribe\u00f1a.<\/p>\n\n\n\n<p class=\"wp-block-paragraph\">Con los temas de Pablito, como lo llamaba cari\u00f1osamente mucha gente en este pa\u00eds, naci\u00f3 y creci\u00f3 la mayor\u00eda de las \u00faltimas generaciones de cubanos.<\/p>\n\n\n\n<p class=\"wp-block-paragraph\">La eterna Yolanda fue motivo de inspiraci\u00f3n para muchos enamorados, como mismo otras acompa\u00f1aron la \u00e9pica revolucionaria o condenaron los desmanes de las dictaduras en Latinoam\u00e9rica.<\/p>\n\n\n\n<p class=\"wp-block-paragraph\">El ministro cubano de Cultura, Alpidio Alonso, manifest\u00f3 que no hay palabras que puedan expresar la enormidad de la p\u00e9rdida que representa la muerte de Pablo Milan\u00e9s para la Cultura Cubana.<\/p>\n\n\n\n<p class=\"wp-block-paragraph\">\u201cSu legado po\u00e9tico y musical es inmortal. Lleguen nuestras condolencias a sus familiares, amigos y admiradores de todo el mundo\u201d, se\u00f1al\u00f3 en su cuenta de Twitter.<\/p>\n\n\n\n<p class=\"wp-block-paragraph\">\u201cTriste noticia. Cuba despide a Pablo Milan\u00e9s, uno de los imprescindibles de nuestra cultura. Su creaci\u00f3n musical nos acompa\u00f1ar\u00e1 siempre\u201d, escribi\u00f3 el presidente de la Uni\u00f3n de Escritores y Artistas de Cuba, Luis Morlote, tambi\u00e9n en esa red social.<\/p>\n\n\n\n<p class=\"wp-block-paragraph\">Al igual que diversas instituciones y personalidades de la cultura cubana, transmiti\u00f3 sus condolencias a familiares, amigos y a los muchos seguidores de su obra.<\/p>\n\n\n\n<p class=\"wp-block-paragraph\">Sobrecogido por el dolor, el reconocido decimista cubano Alexis D\u00edaz Pimienta record\u00f3 esta noche en su p\u00e1gina de Facebook su texto dedicado al autor de tantas canciones emblem\u00e1ticas del pentagrama iberoamericano:<\/p>\n\n\n\n<p class=\"wp-block-paragraph\"><strong>ETERNAMENTE, PABLITO<\/strong><\/p>\n\n\n\n<p class=\"wp-block-paragraph\">Pablo Milan\u00e9s, Pablito,<\/p>\n\n\n\n<p class=\"wp-block-paragraph\">\u00eddolo de los cubanos,<\/p>\n\n\n\n<p class=\"wp-block-paragraph\">con la guitarra en las manos<\/p>\n\n\n\n<p class=\"wp-block-paragraph\">y la vista al infinito.<\/p>\n\n\n\n<p class=\"wp-block-paragraph\">Pablo de voz-manuscrito.<\/p>\n\n\n\n<p class=\"wp-block-paragraph\">Pablo de luz cristalina. Pablo, entrecalle y esquina<\/p>\n\n\n\n<p class=\"wp-block-paragraph\">de varias generaciones:<\/p>\n\n\n\n<p class=\"wp-block-paragraph\">Gracias por tantas canciones<\/p>\n\n\n\n<p class=\"wp-block-paragraph\">(para el alma, medicina).<\/p>\n\n\n\n<p class=\"wp-block-paragraph\">\u201cYo no te pido\u201d, Pablito,<\/p>\n\n\n\n<p class=\"wp-block-paragraph\">\u201cque me bajes una estrella<\/p>\n\n\n\n<p class=\"wp-block-paragraph\">azul\u201d, ni que hables con ella<\/p>\n\n\n\n<p class=\"wp-block-paragraph\">de lo que yo necesito.<\/p>\n\n\n\n<p class=\"wp-block-paragraph\">Solo te pido \u2014y te invito<\/p>\n\n\n\n<p class=\"wp-block-paragraph\">a\u2014 que vivas mucho m\u00e1s.<\/p>\n\n\n\n<p class=\"wp-block-paragraph\">T\u00fa nunca abandonar\u00e1s<\/p>\n\n\n\n<p class=\"wp-block-paragraph\">\u2014ni hoy ni luego ni despu\u00e9s,<\/p>\n\n\n\n<p class=\"wp-block-paragraph\">se\u00f1or Pablo Milan\u00e9s\u2014<\/p>\n\n\n\n<p class=\"wp-block-paragraph\">El \u201camplio espacio\u201d en que est\u00e1s.<\/p>\n\n\n\n<p class=\"wp-block-paragraph\">Este \u00eddolo que hoy se ve<\/p>\n\n\n\n<p class=\"wp-block-paragraph\">retando a la muerte terca<\/p>\n\n\n\n<p class=\"wp-block-paragraph\">\u201cno es perfecto, mas se acerca<\/p>\n\n\n\n<p class=\"wp-block-paragraph\">a lo que siempre so\u00f1\u00e9\u201d.<\/p>\n\n\n\n<p class=\"wp-block-paragraph\">Cantor sentado y de pie.<\/p>\n\n\n\n<p class=\"wp-block-paragraph\">Hombre de la frente erguida. Cu\u00eddate. Cu\u00eddanos. Cuida<\/p>\n\n\n\n<p class=\"wp-block-paragraph\">todo lo que siempre has sido.<\/p>\n\n\n\n<p class=\"wp-block-paragraph\">\u201cTe prefiero compartido<\/p>\n\n\n\n<p class=\"wp-block-paragraph\">antes que vaciar mi vida\u201d.<\/p>\n\n\n\n<p class=\"wp-block-paragraph\">Te debo una buena parte<\/p>\n\n\n\n<p class=\"wp-block-paragraph\">de mi infancia-adolescencia.<\/p>\n\n\n\n<p class=\"wp-block-paragraph\">Te debo la transparencia<\/p>\n\n\n\n<p class=\"wp-block-paragraph\">en la vida y en el arte.<\/p>\n\n\n\n<p class=\"wp-block-paragraph\">Y la voz como estandarte.<\/p>\n\n\n\n<p class=\"wp-block-paragraph\">Y la m\u00fasica que arrulla.<\/p>\n\n\n\n<p class=\"wp-block-paragraph\">Te debo ser quien no huya,<\/p>\n\n\n\n<p class=\"wp-block-paragraph\">quien no cede y no se ablanda.<\/p>\n\n\n\n<p class=\"wp-block-paragraph\">Y el buscar a mi Yolanda<\/p>\n\n\n\n<p class=\"wp-block-paragraph\">eternamente en la tuya.<\/p>\n\n\n\n<p class=\"wp-block-paragraph\">Querido Pablo, mejora.<\/p>\n\n\n\n<p class=\"wp-block-paragraph\">Pablo querido, hazme caso.<\/p>\n\n\n\n<p class=\"wp-block-paragraph\">Aunque veas el ocaso<\/p>\n\n\n\n<p class=\"wp-block-paragraph\">mira hacia el sol, hazte aurora.<\/p>\n\n\n\n<p class=\"wp-block-paragraph\">Querido Pablo, es ahora<\/p>\n\n\n\n<p class=\"wp-block-paragraph\">cuando m\u00e1s te necesito.<\/p>\n\n\n\n<p class=\"wp-block-paragraph\">Cuba entera, a todo grito,<\/p>\n\n\n\n<p class=\"wp-block-paragraph\">con tu voz en la garganta<\/p>\n\n\n\n<p class=\"wp-block-paragraph\">levanta velas y canta<\/p>\n\n\n\n<p class=\"wp-block-paragraph\">\u00a1Eternamente, Pablito!<\/p>\n\n\n\n<p class=\"wp-block-paragraph\">\u00a1Pablito es Cuba, Pablitoooo!!<\/p>\n\n\n\n<p class=\"wp-block-paragraph\">\u00a1Eternamente, Pablito!<\/p>\n\n\n\n<p class=\"wp-block-paragraph\">Desde el pasado 11 de noviembre, la Oficina Art\u00edstica del Premio Nacional de M\u00fasica (2005) inform\u00f3 la suspensi\u00f3n de sus \u00faltimos compromisos de trabajo por problemas de salud asociados a una serie de infecciones recurrentes.<\/p>\n\n\n\n<p class=\"wp-block-paragraph\">El artista se encontraba hospitalizado en la capital espa\u00f1ola siendo tratado de los efectos relativos a la situaci\u00f3n cl\u00ednica provocada por una enfermedad oncohematol\u00f3gica que padeci\u00f3&nbsp;por varios a\u00f1os.<\/p>\n\n\n\n<p class=\"wp-block-paragraph\">Considerado uno de los imprescindibles exponentes de la canci\u00f3n de autor en espa\u00f1ol, Milan\u00e9s recopil\u00f3 una obra significativa para los cubanos de la isla y otras fronteras de Am\u00e9rica Latina con un repertorio superior a las 400 piezas.<\/p>\n\n\n\n<p class=\"wp-block-paragraph\">El m\u00fasico nacido en la oriental ciudad de Bayamo, el 24 de febrero de 1943, forj\u00f3 su carrera profesional con gran versatilidad interpretativa, de la cual se nutri\u00f3 el Grupo de Experimentaci\u00f3n Sonora junto a otras voces emblem\u00e1ticas en la isla.<\/p>\n\n\n\n<p class=\"wp-block-paragraph\">Ganador de dos Grammy Latinos (2006) y una estatuilla a la Excelencia Musical (2015), conjug\u00f3 una mixtura de g\u00e9neros y sonoridades en el continente, que oscilaron entre la tradici\u00f3n y la modernidad en tanto su discograf\u00eda abarc\u00f3 el filin, el jazz, la rumba, el son o el bolero, desplegados en medio centenar de \u00e1lbumes.<\/p>\n\n\n\n<p class=\"wp-block-paragraph\">Asimismo, hizo reverencia a la trova tradicional, la canci\u00f3n de resistencia popular chilena y profes\u00f3 tributo a figuras de la historia cubana como el Ap\u00f3stol Jos\u00e9 Mart\u00ed o el poeta nacional Nicol\u00e1s Guill\u00e9n; tambi\u00e9n a \u00edconos latinoamericanos a la altura del brasile\u00f1o Chico Buarque y los grandes del bolero mexicano, entre ellos, Armando Manzanero.<\/p>\n\n\n\n<p class=\"wp-block-paragraph\">En la isla, el artista ofreci\u00f3 su \u00faltimo concierto en el popular coliseo de la Ciudad Deportiva, donde acudieron miles de connacionales en un noche marcada por temas ic\u00f3nicos y otros de su reciente \u00e1lbum D\u00edas de Luz, cuya gira promocional lo llev\u00f3 a escenarios de Estados Unidos y Espa\u00f1a.<\/p>\n\n\n\n<p class=\"wp-block-paragraph\">Tras casi&nbsp;tres a\u00f1os sin cantar en su tierra, Pablo constat\u00f3 el afecto de los suyos por su creaci\u00f3n cargada de las vivencias y realidades de la isla, a tono con su declaraci\u00f3n de principios durante m\u00e1s de seis d\u00e9cadas distinguiendo el panorama de la trova cubana.<\/p>\n\n\n\n<p class=\"has-text-align-right wp-block-paragraph\"><em>PL<\/em><\/p>\n","protected":false},"excerpt":{"rendered":"<p>LA HABANA, Cuba.- Basta revisar las redes sociales para coincidir en que el fallecimiento del cantautor Pablo Milan\u00e9s en Madrid une hoy en el dolor a los nacidos en Cuba, a pesar de diferencias pol\u00edticas o preferencias musicales. Y es que las canciones del fundador del Movimiento Nueva Trova cubana, junto a Silvio Rodr\u00edguez y [&hellip;]<\/p>\n","protected":false},"author":1,"featured_media":0,"comment_status":"open","ping_status":"open","sticky":false,"template":"","format":"standard","meta":{"_bbp_topic_count":0,"_bbp_reply_count":0,"_bbp_total_topic_count":0,"_bbp_total_reply_count":0,"_bbp_voice_count":0,"_bbp_anonymous_reply_count":0,"_bbp_topic_count_hidden":0,"_bbp_reply_count_hidden":0,"_bbp_forum_subforum_count":0,"footnotes":""},"categories":[39,60],"tags":[],"class_list":["post-373761","post","type-post","status-publish","format-standard","category-entretenimiento","category-titulares-del-dia"],"_links":{"self":[{"href":"https:\/\/primermomento.com\/index.php?rest_route=\/wp\/v2\/posts\/373761","targetHints":{"allow":["GET"]}}],"collection":[{"href":"https:\/\/primermomento.com\/index.php?rest_route=\/wp\/v2\/posts"}],"about":[{"href":"https:\/\/primermomento.com\/index.php?rest_route=\/wp\/v2\/types\/post"}],"author":[{"embeddable":true,"href":"https:\/\/primermomento.com\/index.php?rest_route=\/wp\/v2\/users\/1"}],"replies":[{"embeddable":true,"href":"https:\/\/primermomento.com\/index.php?rest_route=%2Fwp%2Fv2%2Fcomments&post=373761"}],"version-history":[{"count":2,"href":"https:\/\/primermomento.com\/index.php?rest_route=\/wp\/v2\/posts\/373761\/revisions"}],"predecessor-version":[{"id":373764,"href":"https:\/\/primermomento.com\/index.php?rest_route=\/wp\/v2\/posts\/373761\/revisions\/373764"}],"wp:attachment":[{"href":"https:\/\/primermomento.com\/index.php?rest_route=%2Fwp%2Fv2%2Fmedia&parent=373761"}],"wp:term":[{"taxonomy":"category","embeddable":true,"href":"https:\/\/primermomento.com\/index.php?rest_route=%2Fwp%2Fv2%2Fcategories&post=373761"},{"taxonomy":"post_tag","embeddable":true,"href":"https:\/\/primermomento.com\/index.php?rest_route=%2Fwp%2Fv2%2Ftags&post=373761"}],"curies":[{"name":"wp","href":"https:\/\/api.w.org\/{rel}","templated":true}]}}