{"id":373905,"date":"2022-11-23T09:05:00","date_gmt":"2022-11-23T13:05:00","guid":{"rendered":"http:\/\/primermomento.com\/?p=373905"},"modified":"2022-11-23T21:13:47","modified_gmt":"2022-11-24T01:13:47","slug":"banl-reconocen-a-destacado-pianista-banilejo-por-su-trayectoria-musical","status":"publish","type":"post","link":"https:\/\/primermomento.com\/?p=373905","title":{"rendered":"BAN\u013a | Reconocen a destacado m\u00fasico banilejo en \u201cEl Patio de Osiris\u201d"},"content":{"rendered":"\n<p class=\"wp-block-paragraph\">BAN\u013a, Rep\u00fablica Dominicana.- Durante un emotivo encuentro encabezado por diferentes m\u00fasicos y cantantes banilejos, fue reconocido el destacado m\u00fasico Franklin Armando Tejeda (Col\u00f3n), por su trayectoria musical.<\/p>\n\n\n\n<figure class=\"wp-block-image size-full\"><img loading=\"lazy\" decoding=\"async\" width=\"676\" height=\"507\" src=\"http:\/\/primermomento.com\/wp-content\/uploads\/2022\/11\/Colon-el-pianista-y-Osiris-Romero.jpg\" alt=\"\" class=\"wp-image-373906\" srcset=\"https:\/\/primermomento.com\/wp-content\/uploads\/2022\/11\/Colon-el-pianista-y-Osiris-Romero.jpg 676w, https:\/\/primermomento.com\/wp-content\/uploads\/2022\/11\/Colon-el-pianista-y-Osiris-Romero-300x225.jpg 300w, https:\/\/primermomento.com\/wp-content\/uploads\/2022\/11\/Colon-el-pianista-y-Osiris-Romero-120x90.jpg 120w, https:\/\/primermomento.com\/wp-content\/uploads\/2022\/11\/Colon-el-pianista-y-Osiris-Romero-500x375.jpg 500w, https:\/\/primermomento.com\/wp-content\/uploads\/2022\/11\/Colon-el-pianista-y-Osiris-Romero-280x210.jpg 280w, https:\/\/primermomento.com\/wp-content\/uploads\/2022\/11\/Colon-el-pianista-y-Osiris-Romero-638x479.jpg 638w, https:\/\/primermomento.com\/wp-content\/uploads\/2022\/11\/Colon-el-pianista-y-Osiris-Romero-118x89.jpg 118w, https:\/\/primermomento.com\/wp-content\/uploads\/2022\/11\/Colon-el-pianista-y-Osiris-Romero-479x359.jpg 479w\" sizes=\"auto, (max-width: 676px) 100vw, 676px\" \/><\/figure>\n\n\n\n<p class=\"wp-block-paragraph\">El reconocimiento fue realizado en la noche del martes 22 de noviembre en \u201cEl Patio de Osiris\u201d , a prop\u00f3sito de la celebraci\u00f3n del \u201cd\u00eda del m\u00fasico\u201d.<\/p>\n\n\n\n<p class=\"wp-block-paragraph\">Varios de los presentes calificaron como muy importante el hecho de que Col\u00f3n haya incidido tanto en la felicidad del pueblo banilejo, lo que resulta muy importante en una sociedad tan convulsa, a la vez que resaltaron la historia de vida profesional y personal del homenajeado.<\/p>\n\n\n\n<p class=\"wp-block-paragraph\">La propuesta de reconocer al maestro Col\u00f3n fue asumida por el comunicador Osiris Romero a ra\u00edz de la iniciativa de varios m\u00fasicos banilejos residentes en la ciudad de Boston y Ban\u00ed.<\/p>\n\n\n\n<p class=\"wp-block-paragraph\">\u201cEstamos reconociendo a un gran propulsor de la m\u00fasica popular banileja. Muchas agrupaciones y artistas que hoy son estrellas han estado bajo su rector\u00eda\u201d, dijo el comunicador Romero.<\/p>\n\n\n\n<p class=\"wp-block-paragraph\">El maestro Col\u00f3n agradeci\u00f3 a todos los presentes y las personas involucradas por el reconocimiento a su carrera musical.<\/p>\n","protected":false},"excerpt":{"rendered":"<p>BAN\u013a, Rep\u00fablica Dominicana.- Durante un emotivo encuentro encabezado por diferentes m\u00fasicos y cantantes banilejos, fue reconocido el destacado m\u00fasico Franklin Armando Tejeda (Col\u00f3n), por su trayectoria musical. El reconocimiento fue realizado en la noche del martes 22 de noviembre en \u201cEl Patio de Osiris\u201d , a prop\u00f3sito de la celebraci\u00f3n del \u201cd\u00eda del m\u00fasico\u201d. Varios [&hellip;]<\/p>\n","protected":false},"author":1,"featured_media":0,"comment_status":"open","ping_status":"open","sticky":false,"template":"","format":"standard","meta":{"_bbp_topic_count":0,"_bbp_reply_count":0,"_bbp_total_topic_count":0,"_bbp_total_reply_count":0,"_bbp_voice_count":0,"_bbp_anonymous_reply_count":0,"_bbp_topic_count_hidden":0,"_bbp_reply_count_hidden":0,"_bbp_forum_subforum_count":0,"footnotes":""},"categories":[39,60],"tags":[],"class_list":["post-373905","post","type-post","status-publish","format-standard","category-entretenimiento","category-titulares-del-dia"],"_links":{"self":[{"href":"https:\/\/primermomento.com\/index.php?rest_route=\/wp\/v2\/posts\/373905","targetHints":{"allow":["GET"]}}],"collection":[{"href":"https:\/\/primermomento.com\/index.php?rest_route=\/wp\/v2\/posts"}],"about":[{"href":"https:\/\/primermomento.com\/index.php?rest_route=\/wp\/v2\/types\/post"}],"author":[{"embeddable":true,"href":"https:\/\/primermomento.com\/index.php?rest_route=\/wp\/v2\/users\/1"}],"replies":[{"embeddable":true,"href":"https:\/\/primermomento.com\/index.php?rest_route=%2Fwp%2Fv2%2Fcomments&post=373905"}],"version-history":[{"count":3,"href":"https:\/\/primermomento.com\/index.php?rest_route=\/wp\/v2\/posts\/373905\/revisions"}],"predecessor-version":[{"id":373909,"href":"https:\/\/primermomento.com\/index.php?rest_route=\/wp\/v2\/posts\/373905\/revisions\/373909"}],"wp:attachment":[{"href":"https:\/\/primermomento.com\/index.php?rest_route=%2Fwp%2Fv2%2Fmedia&parent=373905"}],"wp:term":[{"taxonomy":"category","embeddable":true,"href":"https:\/\/primermomento.com\/index.php?rest_route=%2Fwp%2Fv2%2Fcategories&post=373905"},{"taxonomy":"post_tag","embeddable":true,"href":"https:\/\/primermomento.com\/index.php?rest_route=%2Fwp%2Fv2%2Ftags&post=373905"}],"curies":[{"name":"wp","href":"https:\/\/api.w.org\/{rel}","templated":true}]}}