{"id":373963,"date":"2022-11-25T11:27:47","date_gmt":"2022-11-25T15:27:47","guid":{"rendered":"http:\/\/primermomento.com\/?p=373963"},"modified":"2022-11-25T11:27:48","modified_gmt":"2022-11-25T15:27:48","slug":"revelan-perdidas-millonarias-por-firma-de-contratos-con-empresas-disqueras","status":"publish","type":"post","link":"https:\/\/primermomento.com\/?p=373963","title":{"rendered":"Revelan p\u00e9rdidas millonarias por firma de contratos con empresas disqueras"},"content":{"rendered":"\n<p class=\"wp-block-paragraph\">SANTO DOMINGO, Rep\u00fablica Dominicana.- El director general Oficina Nacional de Derecho de Autor (ONDA) y otros tres expertos alertaron el jueves que Rep\u00fablica Dominicana estar\u00eda registrando p\u00e9rdidas millonarias en rengl\u00f3n de la m\u00fasica y denunciaron m\u00fasicos que corren el riesgo de perder sus carreras art\u00edsticas debido a que han suscrito contratos con empresas sin la debida asesor\u00eda legal.<\/p>\n\n\n<div class=\"wp-block-image\">\n<figure class=\"aligncenter size-full\"><img loading=\"lazy\" decoding=\"async\" width=\"722\" height=\"465\" src=\"http:\/\/primermomento.com\/wp-content\/uploads\/2022\/11\/disqueras.jpg\" alt=\"\" class=\"wp-image-373964\" srcset=\"https:\/\/primermomento.com\/wp-content\/uploads\/2022\/11\/disqueras.jpg 722w, https:\/\/primermomento.com\/wp-content\/uploads\/2022\/11\/disqueras-300x193.jpg 300w, https:\/\/primermomento.com\/wp-content\/uploads\/2022\/11\/disqueras-500x322.jpg 500w, https:\/\/primermomento.com\/wp-content\/uploads\/2022\/11\/disqueras-280x180.jpg 280w, https:\/\/primermomento.com\/wp-content\/uploads\/2022\/11\/disqueras-60x40.jpg 60w, https:\/\/primermomento.com\/wp-content\/uploads\/2022\/11\/disqueras-638x411.jpg 638w, https:\/\/primermomento.com\/wp-content\/uploads\/2022\/11\/disqueras-118x76.jpg 118w, https:\/\/primermomento.com\/wp-content\/uploads\/2022\/11\/disqueras-479x308.jpg 479w, https:\/\/primermomento.com\/wp-content\/uploads\/2022\/11\/disqueras-153x100.jpg 153w\" sizes=\"auto, (max-width: 722px) 100vw, 722px\" \/><\/figure>\n<\/div>\n\n\n<p class=\"wp-block-paragraph\">Durante el m\u00f3dulo los expositores advirtieron que los creativos nacionales podr\u00edan estar perdiendo sumas millonarias de pesos debido a que el pa\u00eds ha carecido de una debida organizaci\u00f3n del negocio de la m\u00fasica y porque los m\u00fasicos no buscan asesor\u00eda legal para la firma de contratos con las casas disqueras.&nbsp;<\/p>\n\n\n\n<p class=\"wp-block-paragraph\">Durante la celebraci\u00f3n del taller los Retos de la Industria de la M\u00fasica en el Entorno Digital, organizado por la ONDA, los expositores centraron su inter\u00e9s en explicar a los m\u00e1s de 120 participantes las complejidades del negocio de la m\u00fasica y de c\u00f3mo ellos pueden proteger sus derechos.<\/p>\n\n\n\n<p class=\"wp-block-paragraph\">El director general de la ONDA, licenciado Jos\u00e9 Ruben Gonell Cosme, tuvo a cargo la introducci\u00f3n del taller en el que participaron como expositores Alexiomar Rodr\u00edguez y Maribel Moreta, asesora de la ONDA; as\u00ed como Miguel Esteban P\u00e9rez y Wagner Rodr\u00edguez.<\/p>\n\n\n\n<p class=\"wp-block-paragraph\">Luego fue celebrado un panel en el que intervinieron Luc\u00eda Castillo, encargada del Departamento de Sociedades de Gesti\u00f3n de la ONDA; Mayra Tejada, experta en derecho de autor; y Pochy Familia, representante de las sociedades de gesti\u00f3n colectiva y derechos conexos.<\/p>\n\n\n\n<p class=\"wp-block-paragraph\">Durante su exposici\u00f3n, Gonell Cosme destac\u00f3 que la ONDA organiza este tiempo de taller al considerar el crecimiento del negocio de la m\u00fasica en Rep\u00fablica Dominicana y la urgencia de que los creativos nacionales se empe\u00f1en en registrar sus obras y gestionar contratos que no pongan en riesgos sus obras ni los beneficios que ellas generan.<\/p>\n\n\n\n<p class=\"wp-block-paragraph\">Revel\u00f3 cifras de las millonarias ganancias generadas por el negocio de la m\u00fasica a nivel global y dijo que Rep\u00fablica Dominicana es uno de los m\u00e1s grandes productores de m\u00fasica en el mundo, lo que muchos de los dominicanos ignoran.<\/p>\n\n\n\n<p class=\"wp-block-paragraph\">\u201cY muchos se est\u00e1n perdiendo por no utilizar el servicio de abogados, porque cuando un contrato o acuerdo llega mal donde ellos, es muy dif\u00edcil de arreglarlo, porque los due\u00f1os o los propietarios de las grandes productoras de m\u00fasica se van a favorecer y se van a aprovechar de la ingenuidad del artista, que cuando firma lo que piensa es en brillar\u201d dijo el director de la ONDA.<\/p>\n\n\n\n<p class=\"wp-block-paragraph\">Luego, el abogado puertorrique\u00f1o Alexiomar Rodr\u00edguez, en su exposici\u00f3n v\u00eda Zoom, y la tambi\u00e9n abogada Meribel Moreta, presente en la sala, interactuaron para abordar t\u00f3picos como los contratos y licenciamientos de obras musicales en el entorno digital.<\/p>\n\n\n\n<p class=\"wp-block-paragraph\">Ambos expositores enfocaron temas de alto inter\u00e9s en la industria como son contratos de sincronizaci\u00f3n de acuerdo de licenciamiento de uso y derechos de obras musicales, El Split en la obra musical y distribuci\u00f3n de regal\u00edas, explotaci\u00f3n, explotaci\u00f3n de la m\u00fasica, protecci\u00f3n del copyrigth y el streaming como nueva modalidad de explotaci\u00f3n.<\/p>\n\n\n\n<p class=\"wp-block-paragraph\">La distribuci\u00f3n y plataformas musicales y las distintas modalidades que \u00e9sta encierra y que los artistas de la m\u00fasica deben de conocer o buscar asesor\u00eda legal representa para los creativos, entre otros puntos que representan retos y desaf\u00edos.<\/p>\n\n\n\n<p class=\"wp-block-paragraph\">Luego correspondi\u00f3 exponer a los abogados Miguel Esteban P\u00e9rez y Wagner Rodr\u00edguez, especialistas en Propiedad Intelectual, quienes se refirieron al pago de las regal\u00edas y repartos de obras musicales, contratos de reciprocidad en las sociedades de gesti\u00f3n y sobre la distribuci\u00f3n internacional.&nbsp;&nbsp;&nbsp;&nbsp;&nbsp;&nbsp; &nbsp;&nbsp;&nbsp;<\/p>\n\n\n\n<p class=\"wp-block-paragraph\">Durante el panel se cierre, las abogadas Luc\u00eda Castillo y Mayra Tejada, y el destacado m\u00fasico Pochy Familia, abundaron sobre aspectos relativos al papel de las sociedades de gesti\u00f3n y los retos que tienen por delante los autores y creativos dominicanos para hacer valer sus derechos morales y patrimoniales.<\/p>\n\n\n\n<p class=\"wp-block-paragraph\">La actividad se celebr\u00f3 el jueves 24 de noviembre del 2022 en la Sala de la Cultura Aida Bonelly de D\u00edaz del Teatro Nacional, en la que adem\u00e1s del director general de la ONDA, licenciado Jos\u00e9 Ruben Gonell Cosme, cont\u00f3 con asistencia de la licenciada Fanny Suero, encargada del Centro de Capacitaci\u00f3n y Desarrollo del Derecho de Autor y Derechos Conexos de la ONDA.<\/p>\n\n\n\n<p class=\"wp-block-paragraph\">El interesante taller estuvo dirigido a m\u00fasicos, productores, directores de orquestas y representantes en la industria del entretenimiento en general.<\/p>\n\n\n\n<p class=\"wp-block-paragraph\">Durante el ciclo fueron abordados temas como: Contratos y licenciamientos de obras musicales en el entorno digital, perspectiva nacional e internacional; distribuci\u00f3n y plataformas musicales y sociedades de Gesti\u00f3n Colectiva y las Federaciones Internacionales en la M\u00fasica.<\/p>\n\n\n\n<p class=\"wp-block-paragraph\">La actividad es parte de la intensa campa\u00f1a desplegada por la ONDA, bajo la direcci\u00f3n del licenciado Gonell Cosme, dirigida a educar a los creativos nacionales sobre los derechos que representa para ellos el derecho de autor.<\/p>\n\n\n\n<p class=\"wp-block-paragraph\">La intensa labor desplegada ha incluido seminarios, talleres, conferencias, conversatorios y campa\u00f1as promocionales a trav\u00e9s de los medios de comunicaci\u00f3n y redes digitales. <\/p>\n","protected":false},"excerpt":{"rendered":"<p>SANTO DOMINGO, Rep\u00fablica Dominicana.- El director general Oficina Nacional de Derecho de Autor (ONDA) y otros tres expertos alertaron el jueves que Rep\u00fablica Dominicana estar\u00eda registrando p\u00e9rdidas millonarias en rengl\u00f3n de la m\u00fasica y denunciaron m\u00fasicos que corren el riesgo de perder sus carreras art\u00edsticas debido a que han suscrito contratos con empresas sin la [&hellip;]<\/p>\n","protected":false},"author":1,"featured_media":0,"comment_status":"open","ping_status":"open","sticky":false,"template":"","format":"standard","meta":{"_bbp_topic_count":0,"_bbp_reply_count":0,"_bbp_total_topic_count":0,"_bbp_total_reply_count":0,"_bbp_voice_count":0,"_bbp_anonymous_reply_count":0,"_bbp_topic_count_hidden":0,"_bbp_reply_count_hidden":0,"_bbp_forum_subforum_count":0,"footnotes":""},"categories":[39,60],"tags":[],"class_list":["post-373963","post","type-post","status-publish","format-standard","category-entretenimiento","category-titulares-del-dia"],"_links":{"self":[{"href":"https:\/\/primermomento.com\/index.php?rest_route=\/wp\/v2\/posts\/373963","targetHints":{"allow":["GET"]}}],"collection":[{"href":"https:\/\/primermomento.com\/index.php?rest_route=\/wp\/v2\/posts"}],"about":[{"href":"https:\/\/primermomento.com\/index.php?rest_route=\/wp\/v2\/types\/post"}],"author":[{"embeddable":true,"href":"https:\/\/primermomento.com\/index.php?rest_route=\/wp\/v2\/users\/1"}],"replies":[{"embeddable":true,"href":"https:\/\/primermomento.com\/index.php?rest_route=%2Fwp%2Fv2%2Fcomments&post=373963"}],"version-history":[{"count":1,"href":"https:\/\/primermomento.com\/index.php?rest_route=\/wp\/v2\/posts\/373963\/revisions"}],"predecessor-version":[{"id":373965,"href":"https:\/\/primermomento.com\/index.php?rest_route=\/wp\/v2\/posts\/373963\/revisions\/373965"}],"wp:attachment":[{"href":"https:\/\/primermomento.com\/index.php?rest_route=%2Fwp%2Fv2%2Fmedia&parent=373963"}],"wp:term":[{"taxonomy":"category","embeddable":true,"href":"https:\/\/primermomento.com\/index.php?rest_route=%2Fwp%2Fv2%2Fcategories&post=373963"},{"taxonomy":"post_tag","embeddable":true,"href":"https:\/\/primermomento.com\/index.php?rest_route=%2Fwp%2Fv2%2Ftags&post=373963"}],"curies":[{"name":"wp","href":"https:\/\/api.w.org\/{rel}","templated":true}]}}