{"id":374089,"date":"2022-11-28T19:19:00","date_gmt":"2022-11-28T23:19:00","guid":{"rendered":"http:\/\/primermomento.com\/?p=374089"},"modified":"2022-11-28T19:19:01","modified_gmt":"2022-11-28T23:19:01","slug":"banl-ballet-folclorico-y-banda-de-musica-actuaron-en-feria-del-libro","status":"publish","type":"post","link":"https:\/\/primermomento.com\/?p=374089","title":{"rendered":"BAN\u013a | Ballet folcl\u00f3rico y Banda de m\u00fasica actuaron en Feria del Libro"},"content":{"rendered":"\n<p class=\"wp-block-paragraph\">BAN\u013a, Rep\u00fablica Dominicana.- En el marco de la celebraci\u00f3n de la Feria del Libro en Ban\u00ed 2022 en honor a Joaqu\u00edn Sergio Inchaustegui, que cont\u00f3 con el apoyo del Ayuntamiento de Ban\u00ed, varias agrupaciones culturales asignadas a la instituci\u00f3n estuvieron participando en esta importante puesta en exhibici\u00f3n.<\/p>\n\n\n<div class=\"wp-block-image\">\n<figure class=\"aligncenter size-full\"><img loading=\"lazy\" decoding=\"async\" width=\"893\" height=\"403\" src=\"http:\/\/primermomento.com\/wp-content\/uploads\/2022\/11\/Ballet-de-Bellas-ARtes.jpg\" alt=\"\" class=\"wp-image-374090\" srcset=\"https:\/\/primermomento.com\/wp-content\/uploads\/2022\/11\/Ballet-de-Bellas-ARtes.jpg 893w, https:\/\/primermomento.com\/wp-content\/uploads\/2022\/11\/Ballet-de-Bellas-ARtes-300x135.jpg 300w, https:\/\/primermomento.com\/wp-content\/uploads\/2022\/11\/Ballet-de-Bellas-ARtes-768x347.jpg 768w, https:\/\/primermomento.com\/wp-content\/uploads\/2022\/11\/Ballet-de-Bellas-ARtes-500x226.jpg 500w, https:\/\/primermomento.com\/wp-content\/uploads\/2022\/11\/Ballet-de-Bellas-ARtes-280x126.jpg 280w, https:\/\/primermomento.com\/wp-content\/uploads\/2022\/11\/Ballet-de-Bellas-ARtes-638x288.jpg 638w, https:\/\/primermomento.com\/wp-content\/uploads\/2022\/11\/Ballet-de-Bellas-ARtes-118x53.jpg 118w, https:\/\/primermomento.com\/wp-content\/uploads\/2022\/11\/Ballet-de-Bellas-ARtes-479x216.jpg 479w\" sizes=\"auto, (max-width: 893px) 100vw, 893px\" \/><\/figure>\n<\/div>\n\n\n<p class=\"wp-block-paragraph\">El pasado viernes 25 del corriente mes fue desarrollado un ciclo de actividades programadas para este d\u00eda, donde se disertaron conferencias, talleres, puesta en circulaci\u00f3n de novelas, as\u00ed como presentaciones de obras teatrales, el Ballet Folcl\u00f3rico Municipal fue el responsable del gran cierre logrando deleitar al p\u00fablico que se dio cita.<\/p>\n\n\n\n<p class=\"wp-block-paragraph\">Mientras que el domingo 27 le toc\u00f3 el turno a la Banda de M\u00fasica Municipal, la que tuvo a su cargo la interpretaci\u00f3n de hermosos merengues de sal\u00f3n incluyendo los afamados villancicos de la \u00e9poca decembrina durante la culminaci\u00f3n de la feria, que reuni\u00f3 a cientos de personas amantes de la lectura a comprar ejemplares, compartir ideales y recrearse en un ambiente sano con las diversas atracciones que fueron preparadas para el disfrute de todo el que frecuentara la plaza Joaqu\u00edn Sergio Inchaustegui, donde se puso de manifiesto esta magn\u00edfica iniciativa.<\/p>\n\n\n\n<p class=\"wp-block-paragraph\">El director del departamento de Cultura Saulo Betances estuvo acompa\u00f1ando durante estos d\u00edas de ferias a los grupos culturales pertenecientes a esta dependencia y que disfrutaron el p\u00fablico presente.<\/p>\n","protected":false},"excerpt":{"rendered":"<p>BAN\u013a, Rep\u00fablica Dominicana.- En el marco de la celebraci\u00f3n de la Feria del Libro en Ban\u00ed 2022 en honor a Joaqu\u00edn Sergio Inchaustegui, que cont\u00f3 con el apoyo del Ayuntamiento de Ban\u00ed, varias agrupaciones culturales asignadas a la instituci\u00f3n estuvieron participando en esta importante puesta en exhibici\u00f3n. El pasado viernes 25 del corriente mes fue [&hellip;]<\/p>\n","protected":false},"author":1,"featured_media":0,"comment_status":"open","ping_status":"open","sticky":false,"template":"","format":"standard","meta":{"_bbp_topic_count":0,"_bbp_reply_count":0,"_bbp_total_topic_count":0,"_bbp_total_reply_count":0,"_bbp_voice_count":0,"_bbp_anonymous_reply_count":0,"_bbp_topic_count_hidden":0,"_bbp_reply_count_hidden":0,"_bbp_forum_subforum_count":0,"footnotes":""},"categories":[39,60],"tags":[],"class_list":["post-374089","post","type-post","status-publish","format-standard","category-entretenimiento","category-titulares-del-dia"],"_links":{"self":[{"href":"https:\/\/primermomento.com\/index.php?rest_route=\/wp\/v2\/posts\/374089","targetHints":{"allow":["GET"]}}],"collection":[{"href":"https:\/\/primermomento.com\/index.php?rest_route=\/wp\/v2\/posts"}],"about":[{"href":"https:\/\/primermomento.com\/index.php?rest_route=\/wp\/v2\/types\/post"}],"author":[{"embeddable":true,"href":"https:\/\/primermomento.com\/index.php?rest_route=\/wp\/v2\/users\/1"}],"replies":[{"embeddable":true,"href":"https:\/\/primermomento.com\/index.php?rest_route=%2Fwp%2Fv2%2Fcomments&post=374089"}],"version-history":[{"count":1,"href":"https:\/\/primermomento.com\/index.php?rest_route=\/wp\/v2\/posts\/374089\/revisions"}],"predecessor-version":[{"id":374091,"href":"https:\/\/primermomento.com\/index.php?rest_route=\/wp\/v2\/posts\/374089\/revisions\/374091"}],"wp:attachment":[{"href":"https:\/\/primermomento.com\/index.php?rest_route=%2Fwp%2Fv2%2Fmedia&parent=374089"}],"wp:term":[{"taxonomy":"category","embeddable":true,"href":"https:\/\/primermomento.com\/index.php?rest_route=%2Fwp%2Fv2%2Fcategories&post=374089"},{"taxonomy":"post_tag","embeddable":true,"href":"https:\/\/primermomento.com\/index.php?rest_route=%2Fwp%2Fv2%2Ftags&post=374089"}],"curies":[{"name":"wp","href":"https:\/\/api.w.org\/{rel}","templated":true}]}}