{"id":374464,"date":"2022-12-03T16:47:48","date_gmt":"2022-12-03T20:47:48","guid":{"rendered":"http:\/\/primermomento.com\/?p=374464"},"modified":"2022-12-03T16:48:43","modified_gmt":"2022-12-03T20:48:43","slug":"presidente-abinader-encabeza-apertura-museo-de-montecristi","status":"publish","type":"post","link":"https:\/\/primermomento.com\/?p=374464","title":{"rendered":"Presidente Abinader encabeza apertura Museo de Montecristi"},"content":{"rendered":"\n<p class=\"wp-block-paragraph\">MONTECRISTI, Rep\u00fablica Dominicana.- Al finalizar su agenda del viernes por esta provincia, el Presidente Luis Abinader encabez\u00f3 la apertura del Museo de Montecristi donde se exhibir\u00e1 de manera temporal la exposici\u00f3n de 31 artistas dominicanos bajo el nombre \u201cMontecristi: Luz, Forma y Color\u201d.<\/p>\n\n\n<div class=\"wp-block-image\">\n<figure class=\"aligncenter size-full\"><img loading=\"lazy\" decoding=\"async\" width=\"687\" height=\"387\" src=\"http:\/\/primermomento.com\/wp-content\/uploads\/2022\/12\/Abinader-en-montecristi.jpg\" alt=\"\" class=\"wp-image-374465\" srcset=\"https:\/\/primermomento.com\/wp-content\/uploads\/2022\/12\/Abinader-en-montecristi.jpg 687w, https:\/\/primermomento.com\/wp-content\/uploads\/2022\/12\/Abinader-en-montecristi-300x169.jpg 300w, https:\/\/primermomento.com\/wp-content\/uploads\/2022\/12\/Abinader-en-montecristi-478x270.jpg 478w, https:\/\/primermomento.com\/wp-content\/uploads\/2022\/12\/Abinader-en-montecristi-500x282.jpg 500w, https:\/\/primermomento.com\/wp-content\/uploads\/2022\/12\/Abinader-en-montecristi-280x158.jpg 280w, https:\/\/primermomento.com\/wp-content\/uploads\/2022\/12\/Abinader-en-montecristi-638x359.jpg 638w, https:\/\/primermomento.com\/wp-content\/uploads\/2022\/12\/Abinader-en-montecristi-118x66.jpg 118w, https:\/\/primermomento.com\/wp-content\/uploads\/2022\/12\/Abinader-en-montecristi-479x270.jpg 479w\" sizes=\"auto, (max-width: 687px) 100vw, 687px\" \/><\/figure>\n<\/div>\n\n\n<p class=\"wp-block-paragraph\">Este museo hist\u00f3rico fomentar\u00e1 la expresi\u00f3n art\u00edstica como base fundamental de la cultura y es una obra que ha sido desarrollada en alianza p\u00fablico-privada con en consorcio Manzanillo Energy.<\/p>\n\n\n\n<p class=\"wp-block-paragraph\">Este centro ser\u00e1 un espacio para conocer un poco de la historia y cultura dominicana. Contar\u00e1 con una colecci\u00f3n de m\u00e1s de 300 artefactos ta\u00ednos que fueron salvados en toda el \u00e1rea de Montecristi y mostrar\u00e1 su historia de manera diversa expresada en el arte.<\/p>\n\n\n\n<p class=\"wp-block-paragraph\">De su lado, la Ministra de Cultura, Milagros Germ\u00e1n expres\u00f3 que un museo es una instituci\u00f3n que refleja y expone el alma de los pueblos, es una ventana permanente a la historia y costumbres populares y al servicio de la sociedad, que investiga, colecciona, conserva, interpreta y exhibe su patrimonio material e inmaterial.<\/p>\n\n\n\n<p class=\"wp-block-paragraph\">Asimismo asegur\u00f3 que es un honor y deber estar en la inauguraci\u00f3n de este museo y en compa\u00f1\u00eda del Presidente Luis Abinader.<\/p>\n\n\n\n<p class=\"wp-block-paragraph\">En las actividades acompa\u00f1aron al Presidente, los ministros, de la Presidencia, Joel Santos; de Cultura, Milagros Germ\u00e1n; el viceministro Administrativo de la Presidencia, Igor Rodr\u00edguez;<\/p>\n\n\n\n<p class=\"wp-block-paragraph\">Tambi\u00e9n los miembros del consejo de directores de Manzanillo Energy, Guillermo Estrella Ramia y Silva Vela viuda Rodr\u00edguez; y el representante de Consorcio Manzanillo Gas and Power, Luis Mej\u00eda Brache y la gobernadora de Montecristi, Nelsy Milagros Cruz Mart\u00ednez.<\/p>\n","protected":false},"excerpt":{"rendered":"<p>MONTECRISTI, Rep\u00fablica Dominicana.- Al finalizar su agenda del viernes por esta provincia, el Presidente Luis Abinader encabez\u00f3 la apertura del Museo de Montecristi donde se exhibir\u00e1 de manera temporal la exposici\u00f3n de 31 artistas dominicanos bajo el nombre \u201cMontecristi: Luz, Forma y Color\u201d. Este museo hist\u00f3rico fomentar\u00e1 la expresi\u00f3n art\u00edstica como base fundamental de la [&hellip;]<\/p>\n","protected":false},"author":1,"featured_media":0,"comment_status":"open","ping_status":"open","sticky":false,"template":"","format":"standard","meta":{"_bbp_topic_count":0,"_bbp_reply_count":0,"_bbp_total_topic_count":0,"_bbp_total_reply_count":0,"_bbp_voice_count":0,"_bbp_anonymous_reply_count":0,"_bbp_topic_count_hidden":0,"_bbp_reply_count_hidden":0,"_bbp_forum_subforum_count":0,"footnotes":""},"categories":[39,60],"tags":[],"class_list":["post-374464","post","type-post","status-publish","format-standard","category-entretenimiento","category-titulares-del-dia"],"_links":{"self":[{"href":"https:\/\/primermomento.com\/index.php?rest_route=\/wp\/v2\/posts\/374464","targetHints":{"allow":["GET"]}}],"collection":[{"href":"https:\/\/primermomento.com\/index.php?rest_route=\/wp\/v2\/posts"}],"about":[{"href":"https:\/\/primermomento.com\/index.php?rest_route=\/wp\/v2\/types\/post"}],"author":[{"embeddable":true,"href":"https:\/\/primermomento.com\/index.php?rest_route=\/wp\/v2\/users\/1"}],"replies":[{"embeddable":true,"href":"https:\/\/primermomento.com\/index.php?rest_route=%2Fwp%2Fv2%2Fcomments&post=374464"}],"version-history":[{"count":2,"href":"https:\/\/primermomento.com\/index.php?rest_route=\/wp\/v2\/posts\/374464\/revisions"}],"predecessor-version":[{"id":374467,"href":"https:\/\/primermomento.com\/index.php?rest_route=\/wp\/v2\/posts\/374464\/revisions\/374467"}],"wp:attachment":[{"href":"https:\/\/primermomento.com\/index.php?rest_route=%2Fwp%2Fv2%2Fmedia&parent=374464"}],"wp:term":[{"taxonomy":"category","embeddable":true,"href":"https:\/\/primermomento.com\/index.php?rest_route=%2Fwp%2Fv2%2Fcategories&post=374464"},{"taxonomy":"post_tag","embeddable":true,"href":"https:\/\/primermomento.com\/index.php?rest_route=%2Fwp%2Fv2%2Ftags&post=374464"}],"curies":[{"name":"wp","href":"https:\/\/api.w.org\/{rel}","templated":true}]}}