{"id":374535,"date":"2022-12-05T07:23:00","date_gmt":"2022-12-05T11:23:00","guid":{"rendered":"http:\/\/primermomento.com\/?p=374535"},"modified":"2022-12-05T15:50:23","modified_gmt":"2022-12-05T19:50:23","slug":"representantes-sectores-dominicanos-en-ny-asisten-aniversario-precohis","status":"publish","type":"post","link":"https:\/\/primermomento.com\/?p=374535","title":{"rendered":"Representantes dominicanos en NY asisten aniversario PreCoHis"},"content":{"rendered":"\n<p class=\"wp-block-paragraph\">NUEVA YORK, EEUU.- Representantes de los diferentes partidos pol\u00edticos dominicanos en esta ciudad, del Colegio Dominicano de Periodistas (CDP-NY), empresarios, profesionales, altos funcionarios neoyorkinos, comunitarios, comerciantes, de instituciones privadas y asociaciones, entre otros, asistieron a la celebraci\u00f3n de un aniversario m\u00e1s de <a href=\"https:\/\/www.youtube.com\/watch?v=9Mcwu-VkH8c\">\u201cPrensa &amp; Comunidad Hispana\u201d (PreCoHis) y de la columna \u201cEnt\u00e9rate NY\u201d<\/a>.<\/p>\n\n\n<div class=\"wp-block-image\">\n<figure class=\"aligncenter size-full\"><img loading=\"lazy\" decoding=\"async\" width=\"565\" height=\"329\" src=\"http:\/\/primermomento.com\/wp-content\/uploads\/2022\/12\/1-Representantes-sectores-dominicanos-en-NY-asisten-aniversario-PreCoHis.jpg\" alt=\"\" class=\"wp-image-374536\" srcset=\"https:\/\/primermomento.com\/wp-content\/uploads\/2022\/12\/1-Representantes-sectores-dominicanos-en-NY-asisten-aniversario-PreCoHis.jpg 565w, https:\/\/primermomento.com\/wp-content\/uploads\/2022\/12\/1-Representantes-sectores-dominicanos-en-NY-asisten-aniversario-PreCoHis-300x175.jpg 300w, https:\/\/primermomento.com\/wp-content\/uploads\/2022\/12\/1-Representantes-sectores-dominicanos-en-NY-asisten-aniversario-PreCoHis-500x291.jpg 500w, https:\/\/primermomento.com\/wp-content\/uploads\/2022\/12\/1-Representantes-sectores-dominicanos-en-NY-asisten-aniversario-PreCoHis-280x163.jpg 280w, https:\/\/primermomento.com\/wp-content\/uploads\/2022\/12\/1-Representantes-sectores-dominicanos-en-NY-asisten-aniversario-PreCoHis-118x69.jpg 118w, https:\/\/primermomento.com\/wp-content\/uploads\/2022\/12\/1-Representantes-sectores-dominicanos-en-NY-asisten-aniversario-PreCoHis-479x279.jpg 479w\" sizes=\"auto, (max-width: 565px) 100vw, 565px\" \/><\/figure>\n<\/div>\n\n\n<p class=\"wp-block-paragraph\">Ambas organizaciones son dirigidas por el periodista quisqueyano radicado en la Metr\u00f3poli, Ram\u00f3n Mercedes, quien agradeci\u00f3 la masiva asistencia y defini\u00f3 el encuentro como un \u201cArco\u00edris\u201d por converger en el mismo lugar los colores de tantos partidos pol\u00edticos del pa\u00eds caribe\u00f1o.<\/p>\n\n\n\n<p class=\"wp-block-paragraph\">Asimismo, sostuvo que el acto a casa llena lo har\u00e1 duplicar su trabajo, en m\u00e1s de 20 medios que labora (radio, TV y peri\u00f3dicos), en defensa de sus connacionales, sin importar bander\u00edas pol\u00edticas, credo, raza o religi\u00f3n.<\/p>\n\n\n\n<p class=\"wp-block-paragraph\">Durante el evento fueron reconocidos el abogado criminalista Andr\u00e9s Aranda; el empresario, pol\u00edtico y comunitario doctor Yomare Polanco; la Gerente de Finanzas del Centro de Soluciones para Peque\u00f1os Negocios (SBSWH), en el Alto Manhattan, Mar\u00eda Cabrera; y el fundador-director ejecutivo del Instituto T\u00e9cnico del Renacimiento (RTI), instituci\u00f3n que grad\u00faa j\u00f3venes de manera gratuita en diferentes carreras t\u00e9cnicas.<\/p>\n\n\n\n<p class=\"wp-block-paragraph\">Adem\u00e1s, a Isidro Medina, director ejecutivo del Distrito de Mejoramiento Comercial de Washington Heights (WHBID), que apoya a peque\u00f1os comerciantes en el Alto Manhattan, ofreciendo ayuda financiera; a la presidenta de la C\u00e1mara de Comercio Dominicana en USA, Elida Almonte, que realiza el Festival Gastron\u00f3mico dominicano en el Alto Manhattan; y a Eddie Heredia, con una dilatada carrera en el mundo de la televisi\u00f3n, tanto en EUA como en RD.<\/p>\n\n\n\n<p class=\"wp-block-paragraph\">Entre los asistentes estuvieron Ydanis Rodr\u00edguez, Comisionado de Transporte de NYC (DOT); Frank Cortorreal, presidente de la seccional del PLD; Luis Mayobanex Rodr\u00edguez (Radhames P\u00e9rez), coordinador de AlPa\u00eds en el exterior; Andr\u00e9s Aranda del PRSC; Alejandro Rodr\u00edguez (Tont\u00f3n) alto dirigente del PRM.<\/p>\n\n\n\n<p class=\"wp-block-paragraph\">Alfredo Rodr\u00edguez, presidente de la FP en la circunscripci\u00f3n 1-USA; Geraldo Rosario del proyecto \u201c300 con Leonel\u201d (Los multiplicadores de NY); Maikol Peralta de CAUSA-AIB, y el doctor Polanco, quien asisti\u00f3 con comisiones de Nueva Jersey, Pensilvania, Connecticut y Washington DC, e interpret\u00f3 algunas canciones acompa\u00f1ado de la orquesta musical presente.<\/p>\n\n\n\n<p class=\"wp-block-paragraph\">Tambi\u00e9n de las asociaciones de Chiringueros Ausentes y de Bodegueros Unidos de Am\u00e9rica (UBA); la empresa Cibao Meat; de Opci\u00f3n TV-NY; as\u00ed como las precandidatas a diputadas por la FP, Leiby Laura N\u00fa\u00f1ez y Wascarina Cabral, entre otros.<\/p>\n\n\n\n<p class=\"wp-block-paragraph\">La orquesta de Eddy Almonte ameniz\u00f3 la actividad, desde las 9:00 de la noche hasta las 2:00 de la madrugada. A los asistentes se les brind\u00f3 whisky, vino y cerveza, entre otras bebidas. Un variado buffet fue degustado por los presentes, que bailaron hasta el final del evento. El afamado locutor Francis M\u00e9ndez fue el maestro de ceremonia.<\/p>\n\n\n\n<p class=\"has-text-align-right wp-block-paragraph\"><em>Ram\u00f3n Mercedes<\/em><\/p>\n","protected":false},"excerpt":{"rendered":"<p>NUEVA YORK, EEUU.- Representantes de los diferentes partidos pol\u00edticos dominicanos en esta ciudad, del Colegio Dominicano de Periodistas (CDP-NY), empresarios, profesionales, altos funcionarios neoyorkinos, comunitarios, comerciantes, de instituciones privadas y asociaciones, entre otros, asistieron a la celebraci\u00f3n de un aniversario m\u00e1s de \u201cPrensa &amp; Comunidad Hispana\u201d (PreCoHis) y de la columna \u201cEnt\u00e9rate NY\u201d. Ambas organizaciones [&hellip;]<\/p>\n","protected":false},"author":1,"featured_media":0,"comment_status":"open","ping_status":"open","sticky":false,"template":"","format":"standard","meta":{"_bbp_topic_count":0,"_bbp_reply_count":0,"_bbp_total_topic_count":0,"_bbp_total_reply_count":0,"_bbp_voice_count":0,"_bbp_anonymous_reply_count":0,"_bbp_topic_count_hidden":0,"_bbp_reply_count_hidden":0,"_bbp_forum_subforum_count":0,"footnotes":""},"categories":[39,60],"tags":[],"class_list":["post-374535","post","type-post","status-publish","format-standard","category-entretenimiento","category-titulares-del-dia"],"_links":{"self":[{"href":"https:\/\/primermomento.com\/index.php?rest_route=\/wp\/v2\/posts\/374535","targetHints":{"allow":["GET"]}}],"collection":[{"href":"https:\/\/primermomento.com\/index.php?rest_route=\/wp\/v2\/posts"}],"about":[{"href":"https:\/\/primermomento.com\/index.php?rest_route=\/wp\/v2\/types\/post"}],"author":[{"embeddable":true,"href":"https:\/\/primermomento.com\/index.php?rest_route=\/wp\/v2\/users\/1"}],"replies":[{"embeddable":true,"href":"https:\/\/primermomento.com\/index.php?rest_route=%2Fwp%2Fv2%2Fcomments&post=374535"}],"version-history":[{"count":2,"href":"https:\/\/primermomento.com\/index.php?rest_route=\/wp\/v2\/posts\/374535\/revisions"}],"predecessor-version":[{"id":374548,"href":"https:\/\/primermomento.com\/index.php?rest_route=\/wp\/v2\/posts\/374535\/revisions\/374548"}],"wp:attachment":[{"href":"https:\/\/primermomento.com\/index.php?rest_route=%2Fwp%2Fv2%2Fmedia&parent=374535"}],"wp:term":[{"taxonomy":"category","embeddable":true,"href":"https:\/\/primermomento.com\/index.php?rest_route=%2Fwp%2Fv2%2Fcategories&post=374535"},{"taxonomy":"post_tag","embeddable":true,"href":"https:\/\/primermomento.com\/index.php?rest_route=%2Fwp%2Fv2%2Ftags&post=374535"}],"curies":[{"name":"wp","href":"https:\/\/api.w.org\/{rel}","templated":true}]}}