{"id":374792,"date":"2022-12-09T06:53:00","date_gmt":"2022-12-09T10:53:00","guid":{"rendered":"http:\/\/primermomento.com\/?p=374792"},"modified":"2022-12-09T08:02:30","modified_gmt":"2022-12-09T12:02:30","slug":"luis-segura-y-juan-luis-guerra-se-unen-para-lanzar-una-bachata","status":"publish","type":"post","link":"https:\/\/primermomento.com\/?p=374792","title":{"rendered":"Luis Segura y Juan Luis Guerra se unen para lanzar una bachata"},"content":{"rendered":"\n<p class=\"wp-block-paragraph\">SANTO DOMINGO, Rep\u00fablica Dominicana.- Los legendarios artistas dominicanos Luis Segura y Juan Luis Guerra unieron sus distintivas y mel\u00f3dicas voces en una hermosa bachata que lleva por t\u00edtulo \u00abLas de Juan Luis\u00bb y que ser\u00e1 lanzada el pr\u00f3ximo domingo, 11 de diciembre.<\/p>\n\n\n<div class=\"wp-block-image\">\n<figure class=\"aligncenter size-full\"><img loading=\"lazy\" decoding=\"async\" width=\"576\" height=\"384\" src=\"http:\/\/primermomento.com\/wp-content\/uploads\/2022\/12\/JUAN-LUIS-Y-LUIS-SEGURA-2.jpg\" alt=\"\" class=\"wp-image-374793\" srcset=\"https:\/\/primermomento.com\/wp-content\/uploads\/2022\/12\/JUAN-LUIS-Y-LUIS-SEGURA-2.jpg 576w, https:\/\/primermomento.com\/wp-content\/uploads\/2022\/12\/JUAN-LUIS-Y-LUIS-SEGURA-2-300x200.jpg 300w, https:\/\/primermomento.com\/wp-content\/uploads\/2022\/12\/JUAN-LUIS-Y-LUIS-SEGURA-2-73x50.jpg 73w, https:\/\/primermomento.com\/wp-content\/uploads\/2022\/12\/JUAN-LUIS-Y-LUIS-SEGURA-2-500x333.jpg 500w, https:\/\/primermomento.com\/wp-content\/uploads\/2022\/12\/JUAN-LUIS-Y-LUIS-SEGURA-2-280x187.jpg 280w, https:\/\/primermomento.com\/wp-content\/uploads\/2022\/12\/JUAN-LUIS-Y-LUIS-SEGURA-2-60x40.jpg 60w, https:\/\/primermomento.com\/wp-content\/uploads\/2022\/12\/JUAN-LUIS-Y-LUIS-SEGURA-2-118x79.jpg 118w, https:\/\/primermomento.com\/wp-content\/uploads\/2022\/12\/JUAN-LUIS-Y-LUIS-SEGURA-2-479x319.jpg 479w\" sizes=\"auto, (max-width: 576px) 100vw, 576px\" \/><\/figure>\n<\/div>\n\n\n<p class=\"wp-block-paragraph\">\u00abLas de Juan Luis\u00bb estar\u00e1 a disposici\u00f3n y deleite del p\u00fablico este domingo 11 de diciembre a las 11:00 de la ma\u00f1ana a trav\u00e9s de una cadena de radio a nivel nacional con el gran respaldo de la cadena del Grupo Telemicro y una red de emisoras hermanas como el Grupo Medrano y Dominicana FM, entre otras; adem\u00e1s, en todas las plataformas digitales.<\/p>\n\n\n\n<p class=\"wp-block-paragraph\">Luis Segura escogi\u00f3 el 11 de diciembre para la presentaci\u00f3n del tema como celebraci\u00f3n a la declaratoria por parte de la Organizaci\u00f3n de las Naciones Unidas para la Educaci\u00f3n la Ciencia y la Cultura (UNESCO) como patrimonio cultural inmaterial de la humanidad, en el a\u00f1o 2019, adem\u00e1s de los memorables acontecimientos que abraza este d\u00eda.<\/p>\n\n\n\n<p class=\"wp-block-paragraph\">\u00abLas de Juan Luis\u00bb es el primer tema promocional del V volumen del \u00e1lbum de colecci\u00f3n \u00abEl Pap\u00e1 de la Bachata, su Legado\u00bb, que llevar\u00e1 por t\u00edtulo \u00abLegendario\u00bb y se presentar\u00e1 en 2023.<\/p>\n\n\n\n<p class=\"wp-block-paragraph\">Luis Segura y Juan Luis Guerra se sienten muy emocionados y bendecidos por la oportunidad de poder unir sus voces para brindarle a su p\u00fablico una canci\u00f3n cargada de grandes emociones y vibraciones positivas.<\/p>\n\n\n\n<p class=\"wp-block-paragraph\">Luis Segura agradece inmensamente al senador Ram\u00f3n Rogelio Genao, quien introdujo el pasado jueves al Senado de la Rep\u00fablica una propuesta para que el 11 de diciembre de cada a\u00f1o sea declarado de manera oficial el \u201cD\u00eda Nacional de la Bachata\u201d y al pleno del Congreso Nacional por la gran valoraci\u00f3n de nuestro g\u00e9nero.<\/p>\n\n\n\n<p class=\"wp-block-paragraph\">El senador por la provincia La Vega, Rogelio Genao, ha mostrado su constante e incansable amor por la bachata, g\u00e9nero que cultivamos y exportamos al mundo orgullosamente los dominicanos.<\/p>\n\n\n\n<p class=\"wp-block-paragraph\">Los artistas Luis Segura y Juan Luis Guerra informan que la canci\u00f3n \u00abLas de Juan Luis\u201d estrenar\u00e1 su video oficial el viernes 16 de diciembre en sus canales oficiales y distintos medios televisivos.<\/p>\n\n\n\n<p class=\"wp-block-paragraph\">Por igual, expresan que este audiovisual es un emotivo relato hist\u00f3rico que ser\u00e1 del disfrute de todos sus seguidores.<\/p>\n\n\n\n<p class=\"wp-block-paragraph\">El video de la canci\u00f3n \u00abLas de Juan Luis\u00bb fue dirigido por el talentoso cineasta Oliver Mota, escrita y producida por Wandro Quiroz y con las actuaciones de los destacados V\u00edctor Checo, Mar\u00eda Ang\u00e9lica Ure\u00f1a, Raidher D\u00edaz, Melania Hern\u00e1ndez y Genaro Sosa.<\/p>\n\n\n\n<p class=\"wp-block-paragraph\">DATOS: \u00abLas de Juan Luis\u00bb. Composici\u00f3n de Luis Segura, coordinaci\u00f3n producci\u00f3n musical Jos\u00e9 Luis Segura y Amarilys Germ\u00e1n, arreglos de Edward Segura y Janina Rosado. La producci\u00f3n musical por Andr\u00e9s Mayo y Edward Segura, con la colaboraci\u00f3n de Guerra Films, bajo la producci\u00f3n general Wandro Quiroz, producci\u00f3n ejecutiva WQ Producciones &amp; Segura Family LLC.<\/p>\n","protected":false},"excerpt":{"rendered":"<p>SANTO DOMINGO, Rep\u00fablica Dominicana.- Los legendarios artistas dominicanos Luis Segura y Juan Luis Guerra unieron sus distintivas y mel\u00f3dicas voces en una hermosa bachata que lleva por t\u00edtulo \u00abLas de Juan Luis\u00bb y que ser\u00e1 lanzada el pr\u00f3ximo domingo, 11 de diciembre. \u00abLas de Juan Luis\u00bb estar\u00e1 a disposici\u00f3n y deleite del p\u00fablico este domingo [&hellip;]<\/p>\n","protected":false},"author":1,"featured_media":0,"comment_status":"open","ping_status":"open","sticky":false,"template":"","format":"standard","meta":{"_bbp_topic_count":0,"_bbp_reply_count":0,"_bbp_total_topic_count":0,"_bbp_total_reply_count":0,"_bbp_voice_count":0,"_bbp_anonymous_reply_count":0,"_bbp_topic_count_hidden":0,"_bbp_reply_count_hidden":0,"_bbp_forum_subforum_count":0,"footnotes":""},"categories":[39,60],"tags":[],"class_list":["post-374792","post","type-post","status-publish","format-standard","category-entretenimiento","category-titulares-del-dia"],"_links":{"self":[{"href":"https:\/\/primermomento.com\/index.php?rest_route=\/wp\/v2\/posts\/374792","targetHints":{"allow":["GET"]}}],"collection":[{"href":"https:\/\/primermomento.com\/index.php?rest_route=\/wp\/v2\/posts"}],"about":[{"href":"https:\/\/primermomento.com\/index.php?rest_route=\/wp\/v2\/types\/post"}],"author":[{"embeddable":true,"href":"https:\/\/primermomento.com\/index.php?rest_route=\/wp\/v2\/users\/1"}],"replies":[{"embeddable":true,"href":"https:\/\/primermomento.com\/index.php?rest_route=%2Fwp%2Fv2%2Fcomments&post=374792"}],"version-history":[{"count":1,"href":"https:\/\/primermomento.com\/index.php?rest_route=\/wp\/v2\/posts\/374792\/revisions"}],"predecessor-version":[{"id":374794,"href":"https:\/\/primermomento.com\/index.php?rest_route=\/wp\/v2\/posts\/374792\/revisions\/374794"}],"wp:attachment":[{"href":"https:\/\/primermomento.com\/index.php?rest_route=%2Fwp%2Fv2%2Fmedia&parent=374792"}],"wp:term":[{"taxonomy":"category","embeddable":true,"href":"https:\/\/primermomento.com\/index.php?rest_route=%2Fwp%2Fv2%2Fcategories&post=374792"},{"taxonomy":"post_tag","embeddable":true,"href":"https:\/\/primermomento.com\/index.php?rest_route=%2Fwp%2Fv2%2Ftags&post=374792"}],"curies":[{"name":"wp","href":"https:\/\/api.w.org\/{rel}","templated":true}]}}