{"id":375080,"date":"2022-12-13T16:48:00","date_gmt":"2022-12-13T20:48:00","guid":{"rendered":"http:\/\/primermomento.com\/?p=375080"},"modified":"2022-12-13T17:52:07","modified_gmt":"2022-12-13T21:52:07","slug":"hallan-muerto-al-cantante-puertorriqueno-lalo-rodriguez","status":"publish","type":"post","link":"https:\/\/primermomento.com\/?p=375080","title":{"rendered":"Hallan muerto al reconocido cantante de salsa puertorrique\u00f1o Lalo Rodr\u00edguez"},"content":{"rendered":"\n<p class=\"wp-block-paragraph\">SAN JUAN, Puerto Rico.- El reconocido cantante puertorrique\u00f1o Lalo Rodr\u00edguez, de 64 a\u00f1os de edad, fue hallado muerto hoy en un edificio del complejo p\u00fablico de viviendas Sabana Abajo, en el vecino municipio de Carolina.<\/p>\n\n\n<div class=\"wp-block-image\">\n<figure class=\"aligncenter size-full\"><img loading=\"lazy\" decoding=\"async\" width=\"650\" height=\"400\" src=\"http:\/\/primermomento.com\/wp-content\/uploads\/2022\/12\/Lalo-Rodriguez.jpg\" alt=\"\" class=\"wp-image-375081\" srcset=\"https:\/\/primermomento.com\/wp-content\/uploads\/2022\/12\/Lalo-Rodriguez.jpg 650w, https:\/\/primermomento.com\/wp-content\/uploads\/2022\/12\/Lalo-Rodriguez-300x185.jpg 300w, https:\/\/primermomento.com\/wp-content\/uploads\/2022\/12\/Lalo-Rodriguez-500x308.jpg 500w, https:\/\/primermomento.com\/wp-content\/uploads\/2022\/12\/Lalo-Rodriguez-280x172.jpg 280w, https:\/\/primermomento.com\/wp-content\/uploads\/2022\/12\/Lalo-Rodriguez-638x393.jpg 638w, https:\/\/primermomento.com\/wp-content\/uploads\/2022\/12\/Lalo-Rodriguez-118x73.jpg 118w, https:\/\/primermomento.com\/wp-content\/uploads\/2022\/12\/Lalo-Rodriguez-479x295.jpg 479w\" sizes=\"auto, (max-width: 650px) 100vw, 650px\" \/><\/figure>\n<\/div>\n\n\n<p class=\"wp-block-paragraph\">La polic\u00eda boricua, que inform\u00f3 del deceso, dijo que se desconocen las causa del fallecimiento del int\u00e9rprete de \u00e9xitos salseros como \u201cM\u00e1ximo Chamorro\u201d y \u201cVen, dev\u00f3rame otra vez\u201d, quien libr\u00f3 una interminable batalla contra las drogas y el alcohol.<\/p>\n\n\n\n<p class=\"wp-block-paragraph\">Se desconocen las causas del deceso del sonero, cuyo nombre completo era Ubaldo Rodr\u00edguez, quien brill\u00f3 con la orquesta de su compatriota Eddie Palmieri y como solista.<\/p>\n\n\n\n<p class=\"wp-block-paragraph\">La Polic\u00eda fue alertada mediante llamada telef\u00f3nica sobre una persona muerta en el edificio 54 del residencial de Carolina, que result\u00f3 ser el artista, cuyo cad\u00e1ver fue hallado cerca de una cancha de baloncesto.<\/p>\n\n\n\n<p class=\"has-text-align-right wp-block-paragraph\"><em>PL<\/em><\/p>\n","protected":false},"excerpt":{"rendered":"<p>SAN JUAN, Puerto Rico.- El reconocido cantante puertorrique\u00f1o Lalo Rodr\u00edguez, de 64 a\u00f1os de edad, fue hallado muerto hoy en un edificio del complejo p\u00fablico de viviendas Sabana Abajo, en el vecino municipio de Carolina. La polic\u00eda boricua, que inform\u00f3 del deceso, dijo que se desconocen las causa del fallecimiento del int\u00e9rprete de \u00e9xitos salseros [&hellip;]<\/p>\n","protected":false},"author":1,"featured_media":0,"comment_status":"open","ping_status":"open","sticky":false,"template":"","format":"standard","meta":{"_bbp_topic_count":0,"_bbp_reply_count":0,"_bbp_total_topic_count":0,"_bbp_total_reply_count":0,"_bbp_voice_count":0,"_bbp_anonymous_reply_count":0,"_bbp_topic_count_hidden":0,"_bbp_reply_count_hidden":0,"_bbp_forum_subforum_count":0,"footnotes":""},"categories":[39,60],"tags":[],"class_list":["post-375080","post","type-post","status-publish","format-standard","category-entretenimiento","category-titulares-del-dia"],"_links":{"self":[{"href":"https:\/\/primermomento.com\/index.php?rest_route=\/wp\/v2\/posts\/375080","targetHints":{"allow":["GET"]}}],"collection":[{"href":"https:\/\/primermomento.com\/index.php?rest_route=\/wp\/v2\/posts"}],"about":[{"href":"https:\/\/primermomento.com\/index.php?rest_route=\/wp\/v2\/types\/post"}],"author":[{"embeddable":true,"href":"https:\/\/primermomento.com\/index.php?rest_route=\/wp\/v2\/users\/1"}],"replies":[{"embeddable":true,"href":"https:\/\/primermomento.com\/index.php?rest_route=%2Fwp%2Fv2%2Fcomments&post=375080"}],"version-history":[{"count":3,"href":"https:\/\/primermomento.com\/index.php?rest_route=\/wp\/v2\/posts\/375080\/revisions"}],"predecessor-version":[{"id":375084,"href":"https:\/\/primermomento.com\/index.php?rest_route=\/wp\/v2\/posts\/375080\/revisions\/375084"}],"wp:attachment":[{"href":"https:\/\/primermomento.com\/index.php?rest_route=%2Fwp%2Fv2%2Fmedia&parent=375080"}],"wp:term":[{"taxonomy":"category","embeddable":true,"href":"https:\/\/primermomento.com\/index.php?rest_route=%2Fwp%2Fv2%2Fcategories&post=375080"},{"taxonomy":"post_tag","embeddable":true,"href":"https:\/\/primermomento.com\/index.php?rest_route=%2Fwp%2Fv2%2Ftags&post=375080"}],"curies":[{"name":"wp","href":"https:\/\/api.w.org\/{rel}","templated":true}]}}