{"id":375354,"date":"2022-12-19T12:15:13","date_gmt":"2022-12-19T16:15:13","guid":{"rendered":"http:\/\/primermomento.com\/?p=375354"},"modified":"2022-12-19T12:15:14","modified_gmt":"2022-12-19T16:15:14","slug":"banl-banda-de-musica-deleito-al-publico-con-un-concierto-navideno","status":"publish","type":"post","link":"https:\/\/primermomento.com\/?p=375354","title":{"rendered":"BAN\u013a | Banda de M\u00fasica deleit\u00f3 al p\u00fablico con un concierto navide\u00f1o"},"content":{"rendered":"\n<p class=\"wp-block-paragraph\">BAN\u013a, Rep\u00fablica Dominicana.- La glorieta del parque central Marcos A. Cabral fue el escenario para la celebraci\u00f3n del \u201cConcierto Navide\u00f1o con motivo al cierre del a\u00f1o 2022\u201d, ofrecido por la Banda de M\u00fasica Municipal, donde decenas de personas se dieron cita a compartir esta festividad preparada para el disfrute de toda la familia.<\/p>\n\n\n<div class=\"wp-block-image\">\n<figure class=\"aligncenter size-full\"><img loading=\"lazy\" decoding=\"async\" width=\"845\" height=\"381\" src=\"http:\/\/primermomento.com\/wp-content\/uploads\/2022\/12\/Banda-de-Musica.jpg\" alt=\"\" class=\"wp-image-375355\" srcset=\"https:\/\/primermomento.com\/wp-content\/uploads\/2022\/12\/Banda-de-Musica.jpg 845w, https:\/\/primermomento.com\/wp-content\/uploads\/2022\/12\/Banda-de-Musica-300x135.jpg 300w, https:\/\/primermomento.com\/wp-content\/uploads\/2022\/12\/Banda-de-Musica-768x346.jpg 768w, https:\/\/primermomento.com\/wp-content\/uploads\/2022\/12\/Banda-de-Musica-500x225.jpg 500w, https:\/\/primermomento.com\/wp-content\/uploads\/2022\/12\/Banda-de-Musica-280x126.jpg 280w, https:\/\/primermomento.com\/wp-content\/uploads\/2022\/12\/Banda-de-Musica-638x288.jpg 638w, https:\/\/primermomento.com\/wp-content\/uploads\/2022\/12\/Banda-de-Musica-118x53.jpg 118w, https:\/\/primermomento.com\/wp-content\/uploads\/2022\/12\/Banda-de-Musica-479x216.jpg 479w\" sizes=\"auto, (max-width: 845px) 100vw, 845px\" \/><\/figure>\n<\/div>\n\n\n<p class=\"wp-block-paragraph\">El director de Cultura Saulo Betances, a nombre del alcalde Santo Ram\u00edrez y la dependencia que preside, manifest\u00f3 su motivaci\u00f3n por la aceptaci\u00f3n que el p\u00fablico le dio al evento, al manifestar que todos los banilejos deben sentirse m\u00e1s que orgullosos, por este concierto que llega a toda la sociedad despu\u00e9s de un tiempo limitados por la pandemia.<\/p>\n\n\n\n<p class=\"wp-block-paragraph\">El funcionario sostuvo que a pesar de que es un cierre de a\u00f1o, esta iniciativa los compromete a retomar estas actividades con el objetivo de seguir rescatando los valores culturales con la puesta en escena de la legendaria Banda y como se realizaban en a\u00f1os anteriores.<\/p>\n\n\n\n<p class=\"wp-block-paragraph\">El objetivo fundamental de esta festividad decembrina, es crear un ambiente de hermandad entre la ciudadan\u00eda en general, pero sobre todo trasmitir al pueblo de Ban\u00ed la magia que caracteriza la \u00e9poca con los merengues de sal\u00f3n y villancicos de navidad que entona la banda de m\u00fasica. Betances agradeci\u00f3 la disposici\u00f3n que siempre han mostrado cada uno de sus integrantes quienes se han mantenido deleitando la ciudadan\u00eda desde sus inicios.<\/p>\n\n\n\n<p class=\"wp-block-paragraph\">Las personas que acudieron a la actividad se mantuvieron en todo momento muy contentas, donde adem\u00e1s de m\u00fasica, hubo rifas, y un refrigerio para todos el p\u00fablico presente cortes\u00eda de los miembros de la Banda de M\u00fasica Municipal.<\/p>\n\n\n\n<p class=\"wp-block-paragraph\">Dentro de las reconocidas personalidades que dijeron presente en este encuentro, se citan el senador Milciades Franjul, el profesor Dione Daniel y Partenio Pe\u00f1a, acompa\u00f1ado de miembros del Movimiento Cultural Peraviano; y el arquitecto Ismael D\u00edaz Melo, as\u00ed como representantes de instituciones p\u00fablicas y privadas, y miembros sociedad civil.<\/p>\n","protected":false},"excerpt":{"rendered":"<p>BAN\u013a, Rep\u00fablica Dominicana.- La glorieta del parque central Marcos A. Cabral fue el escenario para la celebraci\u00f3n del \u201cConcierto Navide\u00f1o con motivo al cierre del a\u00f1o 2022\u201d, ofrecido por la Banda de M\u00fasica Municipal, donde decenas de personas se dieron cita a compartir esta festividad preparada para el disfrute de toda la familia. El director [&hellip;]<\/p>\n","protected":false},"author":1,"featured_media":0,"comment_status":"open","ping_status":"open","sticky":false,"template":"","format":"standard","meta":{"_bbp_topic_count":0,"_bbp_reply_count":0,"_bbp_total_topic_count":0,"_bbp_total_reply_count":0,"_bbp_voice_count":0,"_bbp_anonymous_reply_count":0,"_bbp_topic_count_hidden":0,"_bbp_reply_count_hidden":0,"_bbp_forum_subforum_count":0,"footnotes":""},"categories":[39,60],"tags":[],"class_list":["post-375354","post","type-post","status-publish","format-standard","category-entretenimiento","category-titulares-del-dia"],"_links":{"self":[{"href":"https:\/\/primermomento.com\/index.php?rest_route=\/wp\/v2\/posts\/375354","targetHints":{"allow":["GET"]}}],"collection":[{"href":"https:\/\/primermomento.com\/index.php?rest_route=\/wp\/v2\/posts"}],"about":[{"href":"https:\/\/primermomento.com\/index.php?rest_route=\/wp\/v2\/types\/post"}],"author":[{"embeddable":true,"href":"https:\/\/primermomento.com\/index.php?rest_route=\/wp\/v2\/users\/1"}],"replies":[{"embeddable":true,"href":"https:\/\/primermomento.com\/index.php?rest_route=%2Fwp%2Fv2%2Fcomments&post=375354"}],"version-history":[{"count":1,"href":"https:\/\/primermomento.com\/index.php?rest_route=\/wp\/v2\/posts\/375354\/revisions"}],"predecessor-version":[{"id":375356,"href":"https:\/\/primermomento.com\/index.php?rest_route=\/wp\/v2\/posts\/375354\/revisions\/375356"}],"wp:attachment":[{"href":"https:\/\/primermomento.com\/index.php?rest_route=%2Fwp%2Fv2%2Fmedia&parent=375354"}],"wp:term":[{"taxonomy":"category","embeddable":true,"href":"https:\/\/primermomento.com\/index.php?rest_route=%2Fwp%2Fv2%2Fcategories&post=375354"},{"taxonomy":"post_tag","embeddable":true,"href":"https:\/\/primermomento.com\/index.php?rest_route=%2Fwp%2Fv2%2Ftags&post=375354"}],"curies":[{"name":"wp","href":"https:\/\/api.w.org\/{rel}","templated":true}]}}