{"id":375563,"date":"2022-12-22T09:31:35","date_gmt":"2022-12-22T13:31:35","guid":{"rendered":"http:\/\/primermomento.com\/?p=375563"},"modified":"2022-12-22T09:31:36","modified_gmt":"2022-12-22T13:31:36","slug":"efectua-encuentro-navideno-con-periodistas-dominicanos-en-ny","status":"publish","type":"post","link":"https:\/\/primermomento.com\/?p=375563","title":{"rendered":"Efect\u00faa encuentro navide\u00f1o con periodistas dominicanos en NY"},"content":{"rendered":"\n<p class=\"wp-block-paragraph\">NUEVA YORK, EEUU.- dominicanos en esta ciudad asistieron a un encuentro navide\u00f1o efectuado este martes por el reconocido empresario y pol\u00edtico quisqueyano en el Alto Manhattan, Jaime Vargas.<\/p>\n\n\n<div class=\"wp-block-image\">\n<figure class=\"aligncenter size-full\"><img loading=\"lazy\" decoding=\"async\" width=\"659\" height=\"253\" src=\"http:\/\/primermomento.com\/wp-content\/uploads\/2022\/12\/1-Efectua-encuentro-navideno-con-periodistas-dominicanos-en-NY.jpg\" alt=\"\" class=\"wp-image-375564\" srcset=\"https:\/\/primermomento.com\/wp-content\/uploads\/2022\/12\/1-Efectua-encuentro-navideno-con-periodistas-dominicanos-en-NY.jpg 659w, https:\/\/primermomento.com\/wp-content\/uploads\/2022\/12\/1-Efectua-encuentro-navideno-con-periodistas-dominicanos-en-NY-300x115.jpg 300w, https:\/\/primermomento.com\/wp-content\/uploads\/2022\/12\/1-Efectua-encuentro-navideno-con-periodistas-dominicanos-en-NY-500x192.jpg 500w, https:\/\/primermomento.com\/wp-content\/uploads\/2022\/12\/1-Efectua-encuentro-navideno-con-periodistas-dominicanos-en-NY-280x107.jpg 280w, https:\/\/primermomento.com\/wp-content\/uploads\/2022\/12\/1-Efectua-encuentro-navideno-con-periodistas-dominicanos-en-NY-638x245.jpg 638w, https:\/\/primermomento.com\/wp-content\/uploads\/2022\/12\/1-Efectua-encuentro-navideno-con-periodistas-dominicanos-en-NY-118x45.jpg 118w, https:\/\/primermomento.com\/wp-content\/uploads\/2022\/12\/1-Efectua-encuentro-navideno-con-periodistas-dominicanos-en-NY-479x184.jpg 479w\" sizes=\"auto, (max-width: 659px) 100vw, 659px\" \/><\/figure>\n<\/div>\n\n\n<p class=\"wp-block-paragraph\">El soci\u00f3logo y activista comunitario, al dirigirse a los hombres de la prensa durante el \u00e1gape celebrado en el restaurant \u201cMariscos Centro\u201d, ubicado en la avenida Saint Nicholas con la calle 185, expres\u00f3:<\/p>\n\n\n\n<p class=\"wp-block-paragraph\">\u201cHombres y mujeres que ejercen su profesi\u00f3n en NY de manera transparente, objetiva, apegados a la verdad, entregados con esmero para buscar y hacer llegar la noticia a los dominicanos de aqu\u00ed y el mundo est\u00e1n reunidos aqu\u00ed\u201d, dijo.<\/p>\n\n\n\n<p class=\"wp-block-paragraph\">\u201cUstedes son un gran ejemplo con su profesi\u00f3n, que sirven de orgullo entre los dominicanos\u201d, precis\u00f3 Vargas.<\/p>\n\n\n\n<p class=\"wp-block-paragraph\">Destac\u00f3 que los periodistas quisqueyanos en la Gran Manzana se han enfocado en su labor como br\u00f3ker y experto en temas de salud (Medicare y Medicaid) y del Seguro Social (SS), con oficina en el 1286 de la avenida Saint Nicholas, entre las calles 174 y 175 en el Alto Manhattan (212-923-4040), por m\u00e1s de 40 a\u00f1os, desde donde ofrece gratuitamente sus servicios a cientos de envejecientes mensualmente.<\/p>\n\n\n\n<p class=\"wp-block-paragraph\">\u201cNosotros estamos dedicados a ayudar a los envejecientes d\u00e1ndoles servicios gratis, y este equipo de comunicadores aqu\u00ed presente ha sido vital en difundir las informaciones que reciben los necesitados de nuestra asesor\u00eda en salud\u201d, indic\u00f3.<\/p>\n\n\n\n<p class=\"wp-block-paragraph\">\u201cEse flujo de hombres y mujeres de la tercera edad que acuden a nuestra oficina, en el 1286 de la avenida Saint Nicholas, entre las calles 174 y 175 en el Alto Manhattan (212-923-4040) mensualmente, es gracias a las informaciones que ustedes han dado a conocer y les ha llegado\u201d, precis\u00f3.<\/p>\n\n\n\n<p class=\"wp-block-paragraph\">\u201cTambi\u00e9n, la asistencia financiera que brindamos gratuitamente puede ser un salvavidas para los afiliados, permiti\u00e9ndoles mantener su cobertura de Medicare, acceder a la atenci\u00f3n necesaria y pagar otras necesidades como alimentos y alquiler\u201d, sostuvo Vargas<\/p>\n\n\n\n<p class=\"wp-block-paragraph\">Tambi\u00e9n hablaron los nuevos propietarios del establecimiento, Chelo Ram\u00edrez y Alberto N\u00fa\u00f1ez (Albert), adem\u00e1s, la presidenta de la C\u00e1mara Dominico-Americana de Comercio USA, Elida Almonte, y el representante de CAUSA en los Estados Unidos, Michael Peralta, entre otras personalidades.<\/p>\n\n\n\n<p class=\"wp-block-paragraph\">Entre los periodistas asistentes figuran el autor de esta cr\u00f3nica, Manuel Ru\u00edz, Roberto Ger\u00f3nimo, Yary Nin, Rafael D\u00edaz, Jenny G\u00f3mez, Jos\u00e9 Zabala, Juan N\u00fa\u00f1ez, Miguel Cruz Tejada, Belkis Mart\u00ednez y Jos\u00e9 Carbucia, entre otros.<\/p>\n\n\n\n<p class=\"has-text-align-right wp-block-paragraph\"><em>Ram\u00f3n Mercedes<\/em><\/p>\n","protected":false},"excerpt":{"rendered":"<p>NUEVA YORK, EEUU.- dominicanos en esta ciudad asistieron a un encuentro navide\u00f1o efectuado este martes por el reconocido empresario y pol\u00edtico quisqueyano en el Alto Manhattan, Jaime Vargas. El soci\u00f3logo y activista comunitario, al dirigirse a los hombres de la prensa durante el \u00e1gape celebrado en el restaurant \u201cMariscos Centro\u201d, ubicado en la avenida Saint [&hellip;]<\/p>\n","protected":false},"author":1,"featured_media":0,"comment_status":"open","ping_status":"open","sticky":false,"template":"","format":"standard","meta":{"_bbp_topic_count":0,"_bbp_reply_count":0,"_bbp_total_topic_count":0,"_bbp_total_reply_count":0,"_bbp_voice_count":0,"_bbp_anonymous_reply_count":0,"_bbp_topic_count_hidden":0,"_bbp_reply_count_hidden":0,"_bbp_forum_subforum_count":0,"footnotes":""},"categories":[39,60],"tags":[],"class_list":["post-375563","post","type-post","status-publish","format-standard","category-entretenimiento","category-titulares-del-dia"],"_links":{"self":[{"href":"https:\/\/primermomento.com\/index.php?rest_route=\/wp\/v2\/posts\/375563","targetHints":{"allow":["GET"]}}],"collection":[{"href":"https:\/\/primermomento.com\/index.php?rest_route=\/wp\/v2\/posts"}],"about":[{"href":"https:\/\/primermomento.com\/index.php?rest_route=\/wp\/v2\/types\/post"}],"author":[{"embeddable":true,"href":"https:\/\/primermomento.com\/index.php?rest_route=\/wp\/v2\/users\/1"}],"replies":[{"embeddable":true,"href":"https:\/\/primermomento.com\/index.php?rest_route=%2Fwp%2Fv2%2Fcomments&post=375563"}],"version-history":[{"count":1,"href":"https:\/\/primermomento.com\/index.php?rest_route=\/wp\/v2\/posts\/375563\/revisions"}],"predecessor-version":[{"id":375565,"href":"https:\/\/primermomento.com\/index.php?rest_route=\/wp\/v2\/posts\/375563\/revisions\/375565"}],"wp:attachment":[{"href":"https:\/\/primermomento.com\/index.php?rest_route=%2Fwp%2Fv2%2Fmedia&parent=375563"}],"wp:term":[{"taxonomy":"category","embeddable":true,"href":"https:\/\/primermomento.com\/index.php?rest_route=%2Fwp%2Fv2%2Fcategories&post=375563"},{"taxonomy":"post_tag","embeddable":true,"href":"https:\/\/primermomento.com\/index.php?rest_route=%2Fwp%2Fv2%2Ftags&post=375563"}],"curies":[{"name":"wp","href":"https:\/\/api.w.org\/{rel}","templated":true}]}}