{"id":375706,"date":"2022-12-24T10:09:00","date_gmt":"2022-12-24T14:09:00","guid":{"rendered":"http:\/\/primermomento.com\/?p=375706"},"modified":"2023-02-18T13:25:11","modified_gmt":"2023-02-18T17:25:11","slug":"todo-pasa-todo-queda-joan-manuel-serrat","status":"publish","type":"post","link":"https:\/\/primermomento.com\/?p=375706","title":{"rendered":"Todo pasa, todo queda: Cantautor Joan Manuel Serrat"},"content":{"rendered":"\n<p class=\"wp-block-paragraph\">MADRID, Espa\u00f1a.- Todo pasa, todo queda, Aquellas peque\u00f1as cosas o el culto al Mediterr\u00e1neo: solo las letras de sus canciones, su prosa po\u00e9tica, lo elevan al firmamento.<\/p>\n\n\n\n<p class=\"wp-block-paragraph\">Se llama Joan Manuel Serrat y anoche, a golpe de voz, pasi\u00f3n y ternura, dijo adi\u00f3s a un enorme cofre de 500 canciones y 40 discos, en su concierto de despedida en el Palau Sant Jordi de Barcelona, donde 15 mil personas deliraron en ovaciones.<\/p>\n\n\n\n<p class=\"wp-block-paragraph\">De aqu\u00ed a un rato, ser\u00e1 futuro, reflexionaba Serrat a Prensa Latina en una visita a Chile cinco a\u00f1os atr\u00e1s y entonces, pareci\u00f3 emocionarse m\u00e1s de lo habitual, haciendo un repaso de su andadura y sus regresos al pa\u00eds austral despu\u00e9s de estar proscrito por el dictador Augusto Pinochet.<\/p>\n\n\n\n<p class=\"wp-block-paragraph\">Referente indiscutible de la canci\u00f3n hispanoamericana, con m\u00e1s de cinco d\u00e9cadas de trayectoria, el artista catal\u00e1n cumplir\u00e1 el pr\u00f3ximo 27 de diciembre 79 a\u00f1os y aunque conserva sus br\u00edos y su encanto natural para magnetizar con palabras, se despidi\u00f3 de los escenarios.<\/p>\n\n\n\n<p class=\"wp-block-paragraph\">En febrero pasado recibi\u00f3 la Gran Cruz de la Orden Civil de Alfonso X el Sabio, en una ceremonia en el Palacio de la Moncloa, donde Serrat admiti\u00f3 con humildad que se sent\u00eda feliz y emocionado, al atesorar la distinci\u00f3n entregada por el presidente del Gobierno de Espa\u00f1a, Pedro S\u00e1nchez.<\/p>\n\n\n\n<p class=\"wp-block-paragraph\">\u201cEl ni\u00f1o eterno, a quien a partir de ahora llamaremos excelent\u00edsimo, excelent\u00edsimo m\u00fasico, poeta, escritor, letrista, m\u00fasico, ciudadano\u201d, resalt\u00f3 S\u00e1nchez, tambi\u00e9n mostrando su admiraci\u00f3n por el autor de Mediterr\u00e1neo, Aquellas peque\u00f1as cosas, La mujer que yo quiero, Pueblo blanco (\u2026).<\/p>\n\n\n\n<p class=\"wp-block-paragraph\">Versiones de cl\u00e1sicos de Violeta Parra y V\u00edctor Jara, y melod\u00edas a partir de poemas de Miguel Hern\u00e1ndez, Antonio Machado, Mario Benedetti, Pablo Neruda, Federico Garc\u00eda Lorca (..), a\u00f1aden m\u00e1s joyas a su enorme legado.<\/p>\n\n\n\n<p class=\"wp-block-paragraph\">\u00abLo \u00fanico que he hecho en mi vida es hacer lo que he querido, como lo he querido hacer y en la forma que deb\u00eda hacerlo (\u2026) y ahora mis hijos pueden verme m\u00e1s all\u00e1 del hombre en calzoncillos en casa (\u2026)\u00bb, coment\u00f3 un Serrat rodeado de familiares y amigos a prop\u00f3sito de recibir el lauro del estado espa\u00f1ol.<\/p>\n\n\n\n<p class=\"wp-block-paragraph\">Anoche en Barcelona dej\u00f3 en claro que todav\u00eda despierta amor y pasiones. Los comentarios en redes sociales de su adi\u00f3s confirmaron que Joan Manuel Serrat es uno de los mayores s\u00edmbolos culturales de Espa\u00f1a y Latinoam\u00e9rica.<\/p>\n\n\n\n<p class=\"wp-block-paragraph\">V\u00edctor Manuel y Ana Bel\u00e9n, Ismael Serrano, el actor y director de cine catal\u00e1n Jos\u00e9 Corbacho, el canciller Jos\u00e9 Manuel Albares, el ministro de Cultura, Miquel Iceta, el presidente S\u00e1nchez, l\u00edderes sindicales, pol\u00edticos de diversos partidos, periodistas e intelectuales en general no escatimaron elogios para Serrat.<\/p>\n\n\n\n<p class=\"wp-block-paragraph\">Grammy Latino como \u201cPersona del a\u00f1o 2014\u201d, comenz\u00f3 su recital con esa elegante iron\u00eda que le caracteriza: \u201cProclamo mi despido por voluntad propia\u201d.<\/p>\n\n\n\n<p class=\"wp-block-paragraph\">Una gala hist\u00f3rica a la cual acudi\u00f3 personalmente el jefe del Ejecutivo de Espa\u00f1a, quien le transmiti\u00f3 su sentir, quiz\u00e1 el mismo de todo el pueblo espa\u00f1ol.<\/p>\n\n\n\n<p class=\"wp-block-paragraph\">\u00abTus canciones nacen de las peque\u00f1as y grandes vivencias. Has puesto m\u00fasica y letra a nuestra historia. Tu pelea por la memoria com\u00fan te ha convertido en referente para muchas generaciones. Ha sido un lujo poder acompa\u00f1arte hoy. Moltes gr\u00e0cies, Joan Manuel\u00bb, coment\u00f3 S\u00e1nchez.<\/p>\n\n\n\n<p class=\"has-text-align-right wp-block-paragraph\"><em>Fausto Triana-PL<\/em><\/p>\n","protected":false},"excerpt":{"rendered":"<p>MADRID, Espa\u00f1a.- Todo pasa, todo queda, Aquellas peque\u00f1as cosas o el culto al Mediterr\u00e1neo: solo las letras de sus canciones, su prosa po\u00e9tica, lo elevan al firmamento. Se llama Joan Manuel Serrat y anoche, a golpe de voz, pasi\u00f3n y ternura, dijo adi\u00f3s a un enorme cofre de 500 canciones y 40 discos, en su [&hellip;]<\/p>\n","protected":false},"author":1,"featured_media":379780,"comment_status":"open","ping_status":"open","sticky":false,"template":"","format":"standard","meta":{"_bbp_topic_count":0,"_bbp_reply_count":0,"_bbp_total_topic_count":0,"_bbp_total_reply_count":0,"_bbp_voice_count":0,"_bbp_anonymous_reply_count":0,"_bbp_topic_count_hidden":0,"_bbp_reply_count_hidden":0,"_bbp_forum_subforum_count":0,"footnotes":""},"categories":[39,60],"tags":[],"class_list":["post-375706","post","type-post","status-publish","format-standard","has-post-thumbnail","category-entretenimiento","category-titulares-del-dia"],"_links":{"self":[{"href":"https:\/\/primermomento.com\/index.php?rest_route=\/wp\/v2\/posts\/375706","targetHints":{"allow":["GET"]}}],"collection":[{"href":"https:\/\/primermomento.com\/index.php?rest_route=\/wp\/v2\/posts"}],"about":[{"href":"https:\/\/primermomento.com\/index.php?rest_route=\/wp\/v2\/types\/post"}],"author":[{"embeddable":true,"href":"https:\/\/primermomento.com\/index.php?rest_route=\/wp\/v2\/users\/1"}],"replies":[{"embeddable":true,"href":"https:\/\/primermomento.com\/index.php?rest_route=%2Fwp%2Fv2%2Fcomments&post=375706"}],"version-history":[{"count":3,"href":"https:\/\/primermomento.com\/index.php?rest_route=\/wp\/v2\/posts\/375706\/revisions"}],"predecessor-version":[{"id":379781,"href":"https:\/\/primermomento.com\/index.php?rest_route=\/wp\/v2\/posts\/375706\/revisions\/379781"}],"wp:featuredmedia":[{"embeddable":true,"href":"https:\/\/primermomento.com\/index.php?rest_route=\/wp\/v2\/media\/379780"}],"wp:attachment":[{"href":"https:\/\/primermomento.com\/index.php?rest_route=%2Fwp%2Fv2%2Fmedia&parent=375706"}],"wp:term":[{"taxonomy":"category","embeddable":true,"href":"https:\/\/primermomento.com\/index.php?rest_route=%2Fwp%2Fv2%2Fcategories&post=375706"},{"taxonomy":"post_tag","embeddable":true,"href":"https:\/\/primermomento.com\/index.php?rest_route=%2Fwp%2Fv2%2Ftags&post=375706"}],"curies":[{"name":"wp","href":"https:\/\/api.w.org\/{rel}","templated":true}]}}