{"id":376855,"date":"2023-01-14T11:37:50","date_gmt":"2023-01-14T15:37:50","guid":{"rendered":"http:\/\/primermomento.com\/?p=376855"},"modified":"2023-02-11T15:35:29","modified_gmt":"2023-02-11T19:35:29","slug":"shakira-se-cuela-en-la-campana-electoral-ecuatoriana","status":"publish","type":"post","link":"https:\/\/primermomento.com\/?p=376855","title":{"rendered":"La m\u00fasica de Shakira se cuela en la campa\u00f1a electoral ecuatoriana"},"content":{"rendered":"\n<p class=\"wp-block-paragraph\">QUITO, Ecuador.- La canci\u00f3n de despecho de la colombiana Shakira, la m\u00e1s popular del momento, se col\u00f3 tambi\u00e9n en la escena de la campa\u00f1a electoral que transcurre hoy en Ecuador con vistas a los comicios seccionales del 5 de febrero.<\/p>\n\n\n\n<p class=\"wp-block-paragraph\">Algunos candidatos aprovecharon parte de la letra del hit del momento y se la dedicaron a autoridades en funciones o sus contrincantes.<\/p>\n\n\n\n<p class=\"wp-block-paragraph\">En la pieza musical, titulada Shakira-BZRP Session #53, la cantante barranquillera reprocha a su antigua pareja, el barcelonista Gerard Piqu\u00e9, \u201ctanto que te das de campe\u00f3n y cuando te necesit\u00e9 diste tu peor versi\u00f3n\u201d.<\/p>\n\n\n\n<p class=\"wp-block-paragraph\">Justamente ese fragmento lo eligi\u00f3 el aspirante a la alcald\u00eda de Quito en representaci\u00f3n del movimiento Revoluci\u00f3n Ciudadana, Pabel Mu\u00f1oz, quien con un video en Tik Tok critic\u00f3 a las anteriores administraciones municipales de la capital ecuatoriana.<\/p>\n\n\n\n<p class=\"wp-block-paragraph\">Otra de las que quiso \u00abfacturar\u00bb, como Shakira, fue la candidata a la prefectura de la provincia de Azuay Dora Ord\u00f3\u00f1ez, que tuvo una indisposici\u00f3n durante el debate del pasado domingo y fue hospitalizada, pero al parecer se recuper\u00f3 y no se perdi\u00f3 la canci\u00f3n viral.<\/p>\n\n\n\n<p class=\"wp-block-paragraph\">\u201cCre\u00edste que me heriste y me volviste m\u00e1s dura. Las mujeres ya no lloran, las mujeres facturan\u201d, fue la parte de la m\u00fasica con la cual Ord\u00f3\u00f1ez mostr\u00f3 su regreso luego del patat\u00fas sufrido en televisi\u00f3n.<\/p>\n\n\n\n<p class=\"wp-block-paragraph\">Los candidatos a los diferentes cargos en disputa prosiguen la campa\u00f1a en busca de votos y para eso -como es esperado- se agarran de lo m\u00e1s popular del momento, aunque muchos discrepan de la actitud de Shakira y su af\u00e1n de \u201cfacturar\u201d a costa de sus emociones.<\/p>\n\n\n\n<p class=\"wp-block-paragraph\">La autorizaci\u00f3n para el proselitismo pol\u00edtico en Ecuador se extender\u00e1 hasta el pr\u00f3ximo 2 de febrero, tres d\u00edas antes de la convocatoria a las urnas para elegir prefectos y viceprefectos, alcaldes, concejales urbanos y rurales, as\u00ed como vocales de las juntas parroquiales.<\/p>\n\n\n\n<p class=\"wp-block-paragraph\">Para este fin de semana est\u00e1n programados 21 debates electorales entre quienes se postularon para alcaldes en las jurisdicciones con m\u00e1s de 100 mil habitantes.<\/p>\n\n\n\n<p class=\"wp-block-paragraph\">El d\u00eda de los comicios m\u00e1s de 13 millones de ecuatorianos elegir\u00e1n los miembros del Consejo de Participaci\u00f3n Ciudadana y Control Social y votar\u00e1n en el referendo propuesto por el gobierno de Guillermo Lasso, el cual cuenta con el rechazo de diversos sectores, entre ellos ind\u00edgenas, profesores y estudiantes.<\/p>\n\n\n\n<p class=\"has-text-align-right wp-block-paragraph\"><em>PL<\/em><\/p>\n","protected":false},"excerpt":{"rendered":"<p>QUITO, Ecuador.- La canci\u00f3n de despecho de la colombiana Shakira, la m\u00e1s popular del momento, se col\u00f3 tambi\u00e9n en la escena de la campa\u00f1a electoral que transcurre hoy en Ecuador con vistas a los comicios seccionales del 5 de febrero. Algunos candidatos aprovecharon parte de la letra del hit del momento y se la dedicaron [&hellip;]<\/p>\n","protected":false},"author":1,"featured_media":379214,"comment_status":"open","ping_status":"open","sticky":false,"template":"","format":"standard","meta":{"_bbp_topic_count":0,"_bbp_reply_count":0,"_bbp_total_topic_count":0,"_bbp_total_reply_count":0,"_bbp_voice_count":0,"_bbp_anonymous_reply_count":0,"_bbp_topic_count_hidden":0,"_bbp_reply_count_hidden":0,"_bbp_forum_subforum_count":0,"footnotes":""},"categories":[39,60],"tags":[],"class_list":["post-376855","post","type-post","status-publish","format-standard","has-post-thumbnail","category-entretenimiento","category-titulares-del-dia"],"_links":{"self":[{"href":"https:\/\/primermomento.com\/index.php?rest_route=\/wp\/v2\/posts\/376855","targetHints":{"allow":["GET"]}}],"collection":[{"href":"https:\/\/primermomento.com\/index.php?rest_route=\/wp\/v2\/posts"}],"about":[{"href":"https:\/\/primermomento.com\/index.php?rest_route=\/wp\/v2\/types\/post"}],"author":[{"embeddable":true,"href":"https:\/\/primermomento.com\/index.php?rest_route=\/wp\/v2\/users\/1"}],"replies":[{"embeddable":true,"href":"https:\/\/primermomento.com\/index.php?rest_route=%2Fwp%2Fv2%2Fcomments&post=376855"}],"version-history":[{"count":3,"href":"https:\/\/primermomento.com\/index.php?rest_route=\/wp\/v2\/posts\/376855\/revisions"}],"predecessor-version":[{"id":379215,"href":"https:\/\/primermomento.com\/index.php?rest_route=\/wp\/v2\/posts\/376855\/revisions\/379215"}],"wp:featuredmedia":[{"embeddable":true,"href":"https:\/\/primermomento.com\/index.php?rest_route=\/wp\/v2\/media\/379214"}],"wp:attachment":[{"href":"https:\/\/primermomento.com\/index.php?rest_route=%2Fwp%2Fv2%2Fmedia&parent=376855"}],"wp:term":[{"taxonomy":"category","embeddable":true,"href":"https:\/\/primermomento.com\/index.php?rest_route=%2Fwp%2Fv2%2Fcategories&post=376855"},{"taxonomy":"post_tag","embeddable":true,"href":"https:\/\/primermomento.com\/index.php?rest_route=%2Fwp%2Fv2%2Ftags&post=376855"}],"curies":[{"name":"wp","href":"https:\/\/api.w.org\/{rel}","templated":true}]}}