{"id":377003,"date":"2023-01-16T09:22:00","date_gmt":"2023-01-16T13:22:00","guid":{"rendered":"http:\/\/primermomento.com\/?p=377003"},"modified":"2023-02-11T15:34:10","modified_gmt":"2023-02-11T19:34:10","slug":"sentido-homenaje-a-manzanero-en-mexico-por-el-dia-del-compositor","status":"publish","type":"post","link":"https:\/\/primermomento.com\/?p=377003","title":{"rendered":"Rinden tributo a Armando Manzanero por el D\u00eda del Compositor"},"content":{"rendered":"\n<p class=\"wp-block-paragraph\">CIUDAD DE M\u00c9XICO, M\u00e9xico.- La prensa nacional fue un\u00e1nime al destacar hoy el sentido homenaje tributado al cantautor Armando Manzanero por el D\u00eda del Compositor en M\u00e9xico.<\/p>\n\n\n\n<p class=\"wp-block-paragraph\">Como cada a\u00f1o los 15 de enero se realiza la cl\u00e1sica comida para festejar a los grande artistas y talentos de M\u00e9xico, y despu\u00e9s de casi tres a\u00f1os de la Covid-19, regresaron ayer domingo a celebrar este d\u00eda tan importante en la Sociedad de Autores y Compositores de M\u00e9xico (SACM), de manera presencial, resalt\u00f3 el peri\u00f3dico Milenio en su cr\u00f3nica.<\/p>\n\n\n\n<p class=\"wp-block-paragraph\">Roberto Cantoral (hijo), director general de la SACM, agradeci\u00f3 que se festeje de nueva cuenta dentro de la Sociedad, con m\u00fasica, talentos y la grande familia que se ha generado a lo largo de estos a\u00f1os, recordando al gran maestro Armando Manzanero.<\/p>\n\n\n\n<p class=\"wp-block-paragraph\">Estamos regresando despu\u00e9s de tres a\u00f1os de pandemia, retomando este festejo que es emblem\u00e1tico para todos los autores, adem\u00e1s de que lo hacemos a nivel nacional, con cerca de dos mil compositores en todo el pa\u00eds y m\u00e1s de 15 mil festejando este D\u00eda del Compositor.<\/p>\n\n\n\n<p class=\"wp-block-paragraph\">Durante el evento donde Alex Syntek, Mart\u00edn Urieta, Fato, y el senador Ricardo Monreal estuvieron presentes, todos concordaron en que Manzanero, quien fue presidente de la SACM, dej\u00f3 un legado importante tanto en la sociedad como en m\u00fasica, y no hace falta, se le extra\u00f1a, pero siempre se mantiene vivo en sus canciones y composiciones.<\/p>\n\n\n\n<p class=\"wp-block-paragraph\">Dijo que este d\u00eda estamos bien contento de vernos todos de manera presencial; es el segundo a\u00f1o sin el Maestro, ese vac\u00edo que dej\u00f3 no lo va a llenar nadie porque fue el compositor m\u00e1s importante, digan lo que digan, el m\u00e1s grande compositor internacional, expres\u00f3 Manzanaero Jr.<\/p>\n\n\n\n<p class=\"wp-block-paragraph\">Este d\u00eda se celebra desde 1965, aunque fue hasta 1983 cuando se formaliz\u00f3 el reconocimiento con apoyo de SACM.<\/p>\n\n\n\n<p class=\"has-text-align-right wp-block-paragraph\"><em>PL<\/em><\/p>\n","protected":false},"excerpt":{"rendered":"<p>CIUDAD DE M\u00c9XICO, M\u00e9xico.- La prensa nacional fue un\u00e1nime al destacar hoy el sentido homenaje tributado al cantautor Armando Manzanero por el D\u00eda del Compositor en M\u00e9xico. Como cada a\u00f1o los 15 de enero se realiza la cl\u00e1sica comida para festejar a los grande artistas y talentos de M\u00e9xico, y despu\u00e9s de casi tres a\u00f1os [&hellip;]<\/p>\n","protected":false},"author":1,"featured_media":379212,"comment_status":"open","ping_status":"open","sticky":false,"template":"","format":"standard","meta":{"_bbp_topic_count":0,"_bbp_reply_count":0,"_bbp_total_topic_count":0,"_bbp_total_reply_count":0,"_bbp_voice_count":0,"_bbp_anonymous_reply_count":0,"_bbp_topic_count_hidden":0,"_bbp_reply_count_hidden":0,"_bbp_forum_subforum_count":0,"footnotes":""},"categories":[39,60],"tags":[],"class_list":["post-377003","post","type-post","status-publish","format-standard","has-post-thumbnail","category-entretenimiento","category-titulares-del-dia"],"_links":{"self":[{"href":"https:\/\/primermomento.com\/index.php?rest_route=\/wp\/v2\/posts\/377003","targetHints":{"allow":["GET"]}}],"collection":[{"href":"https:\/\/primermomento.com\/index.php?rest_route=\/wp\/v2\/posts"}],"about":[{"href":"https:\/\/primermomento.com\/index.php?rest_route=\/wp\/v2\/types\/post"}],"author":[{"embeddable":true,"href":"https:\/\/primermomento.com\/index.php?rest_route=\/wp\/v2\/users\/1"}],"replies":[{"embeddable":true,"href":"https:\/\/primermomento.com\/index.php?rest_route=%2Fwp%2Fv2%2Fcomments&post=377003"}],"version-history":[{"count":7,"href":"https:\/\/primermomento.com\/index.php?rest_route=\/wp\/v2\/posts\/377003\/revisions"}],"predecessor-version":[{"id":379213,"href":"https:\/\/primermomento.com\/index.php?rest_route=\/wp\/v2\/posts\/377003\/revisions\/379213"}],"wp:featuredmedia":[{"embeddable":true,"href":"https:\/\/primermomento.com\/index.php?rest_route=\/wp\/v2\/media\/379212"}],"wp:attachment":[{"href":"https:\/\/primermomento.com\/index.php?rest_route=%2Fwp%2Fv2%2Fmedia&parent=377003"}],"wp:term":[{"taxonomy":"category","embeddable":true,"href":"https:\/\/primermomento.com\/index.php?rest_route=%2Fwp%2Fv2%2Fcategories&post=377003"},{"taxonomy":"post_tag","embeddable":true,"href":"https:\/\/primermomento.com\/index.php?rest_route=%2Fwp%2Fv2%2Ftags&post=377003"}],"curies":[{"name":"wp","href":"https:\/\/api.w.org\/{rel}","templated":true}]}}