{"id":377401,"date":"2023-01-23T09:01:00","date_gmt":"2023-01-23T13:01:00","guid":{"rendered":"http:\/\/primermomento.com\/?p=377401"},"modified":"2023-02-04T10:01:14","modified_gmt":"2023-02-04T14:01:14","slug":"la-balada-de-los-cuervos-llega-a-los-cines-de-caribbean-cinemas","status":"publish","type":"post","link":"https:\/\/primermomento.com\/?p=377401","title":{"rendered":"\u200bLa balada de los cuervos llega a los cines de Caribbean Cinemas"},"content":{"rendered":"\n<p class=\"wp-block-paragraph\">SANTO DOMINGO, Rep\u00fablica Dominicana.- Esta pel\u00edcula cuenta la historia de Pablo, un joven sacerdote mexicano que descubre toda una red de trata de personas al conocer a La Puchis, una joven prostituta de la zona fronteriza, quien es v\u00edctima del crimen organizado. La pel\u00edcula aborda el drama de la trata de personas y ha sido galardonada con los fondos iberoamericanos del programa Ibermedia.<\/p>\n\n\n<div class=\"wp-block-image\">\n<figure class=\"alignright size-full is-resized\"><img loading=\"lazy\" decoding=\"async\" src=\"http:\/\/primermomento.com\/wp-content\/uploads\/2023\/01\/Tony-Bacigaluppe-Perez-supervisando-un-plano.jpg\" alt=\"\" class=\"wp-image-377402\" width=\"283\" height=\"189\" srcset=\"https:\/\/primermomento.com\/wp-content\/uploads\/2023\/01\/Tony-Bacigaluppe-Perez-supervisando-un-plano.jpg 565w, https:\/\/primermomento.com\/wp-content\/uploads\/2023\/01\/Tony-Bacigaluppe-Perez-supervisando-un-plano-300x200.jpg 300w, https:\/\/primermomento.com\/wp-content\/uploads\/2023\/01\/Tony-Bacigaluppe-Perez-supervisando-un-plano-73x50.jpg 73w, https:\/\/primermomento.com\/wp-content\/uploads\/2023\/01\/Tony-Bacigaluppe-Perez-supervisando-un-plano-500x334.jpg 500w, https:\/\/primermomento.com\/wp-content\/uploads\/2023\/01\/Tony-Bacigaluppe-Perez-supervisando-un-plano-280x187.jpg 280w, https:\/\/primermomento.com\/wp-content\/uploads\/2023\/01\/Tony-Bacigaluppe-Perez-supervisando-un-plano-60x40.jpg 60w, https:\/\/primermomento.com\/wp-content\/uploads\/2023\/01\/Tony-Bacigaluppe-Perez-supervisando-un-plano-118x79.jpg 118w, https:\/\/primermomento.com\/wp-content\/uploads\/2023\/01\/Tony-Bacigaluppe-Perez-supervisando-un-plano-479x320.jpg 479w\" sizes=\"auto, (max-width: 283px) 100vw, 283px\" \/><\/figure>\n<\/div>\n\n\n<p class=\"wp-block-paragraph\">El elenco cuenta con&nbsp;la actuaci\u00f3n de Fidia Peralta (Liborio), el actor mexicano Mario Sep\u00falvey otros reconocidos actores como Pericles Mej\u00eda, Gerardo (El Cuervo) Mercedes, Laura Guzm\u00e1n, Elvis Eliut, Isabel Spencer, Paula Disla, entre otros grandes actores&nbsp;del cine dominicano.<\/p>\n\n\n\n<p class=\"wp-block-paragraph\">La actriz Paula Disla ha dicho:&nbsp;\u201cLa lucha contra la trata de personas, sobre todo de ni\u00f1as y mujeres es un tema que impacta a toda la sociedad y en esta pel\u00edcula, adem\u00e1s de entretener tambi\u00e9n est\u00e1 educando y dejando un mensaje contundente de compromiso y esperanza\u201d&nbsp;al mismo tiempo invit\u00f3 al p\u00fablico a ir a verla.&nbsp;<\/p>\n\n\n\n<p class=\"wp-block-paragraph\">La&nbsp;balada de los cuervos fue rodada en la zona fronteriza de Rep\u00fablica Dominicana y se basa en hechos reales que ocurrieron en episodios separados en el pa\u00eds.&nbsp; Adem\u00e1s, ha participado en el prestigioso mercado cinematogr\u00e1fico March\u00e9&nbsp;Du Film Cannes, as\u00ed&nbsp;como en los proyectos seleccionados en el laboratorio de desarrollo de proyectos Ibermedia y en el taller de reescritura de guion&nbsp;impartido por el guionista cubano Arturo Arango.<\/p>\n\n\n\n<p class=\"wp-block-paragraph\">La pel\u00edcula ha sido selecci\u00f3n oficial en los festivales Trinidad + Tobago Film Festival y el Festival de Cine de Bogot\u00e1, Colombia, y ha recibido Premio del p\u00fablico, menci\u00f3n&nbsp;especial del Jurado y menci\u00f3n especial al actor secundario Elvis Eliut, en el Dominican Film Festival the New York 2022. Adem\u00e1s, en el Festival de Cine Fine Arts Hecho en RD, Fidia Peralta obtuvo el premio a Mejor Actriz Principal y fue la pel\u00edcula m\u00e1s vista y aplaudida por el p\u00fablico en dicho festival.<\/p>\n\n\n\n<p class=\"wp-block-paragraph\">La distribuci\u00f3n local del filme ser\u00e1&nbsp;a trav\u00e9s de Caribbean Films Distribution asegur\u00f3 Jason Blanco, productor de la cinta qui\u00e9n tambi\u00e9n recomend\u00f3 no perderse la oportunidad de ver esta emocionante e impactante pel\u00edcula basada en hechos reales en la gran pantalla en el Fine Arts Novo Centro a partir del 19 de Enero. Las boletas ya est\u00e1n a la venta en la boleter\u00eda de las salas de Caribbean Cinemas &nbsp;o en l\u00ednea a trav\u00e9s del portal web&nbsp;<a rel=\"noreferrer noopener\" href=\"https:\/\/caribbeancinemas.com\/\" target=\"_blank\">https:\/\/caribbeancinemas.com<\/a><\/p>\n","protected":false},"excerpt":{"rendered":"<p>SANTO DOMINGO, Rep\u00fablica Dominicana.- Esta pel\u00edcula cuenta la historia de Pablo, un joven sacerdote mexicano que descubre toda una red de trata de personas al conocer a La Puchis, una joven prostituta de la zona fronteriza, quien es v\u00edctima del crimen organizado. La pel\u00edcula aborda el drama de la trata de personas y ha sido [&hellip;]<\/p>\n","protected":false},"author":1,"featured_media":378417,"comment_status":"open","ping_status":"open","sticky":false,"template":"","format":"standard","meta":{"_bbp_topic_count":0,"_bbp_reply_count":0,"_bbp_total_topic_count":0,"_bbp_total_reply_count":0,"_bbp_voice_count":0,"_bbp_anonymous_reply_count":0,"_bbp_topic_count_hidden":0,"_bbp_reply_count_hidden":0,"_bbp_forum_subforum_count":0,"footnotes":""},"categories":[39,60],"tags":[],"class_list":["post-377401","post","type-post","status-publish","format-standard","has-post-thumbnail","category-entretenimiento","category-titulares-del-dia"],"_links":{"self":[{"href":"https:\/\/primermomento.com\/index.php?rest_route=\/wp\/v2\/posts\/377401","targetHints":{"allow":["GET"]}}],"collection":[{"href":"https:\/\/primermomento.com\/index.php?rest_route=\/wp\/v2\/posts"}],"about":[{"href":"https:\/\/primermomento.com\/index.php?rest_route=\/wp\/v2\/types\/post"}],"author":[{"embeddable":true,"href":"https:\/\/primermomento.com\/index.php?rest_route=\/wp\/v2\/users\/1"}],"replies":[{"embeddable":true,"href":"https:\/\/primermomento.com\/index.php?rest_route=%2Fwp%2Fv2%2Fcomments&post=377401"}],"version-history":[{"count":2,"href":"https:\/\/primermomento.com\/index.php?rest_route=\/wp\/v2\/posts\/377401\/revisions"}],"predecessor-version":[{"id":378418,"href":"https:\/\/primermomento.com\/index.php?rest_route=\/wp\/v2\/posts\/377401\/revisions\/378418"}],"wp:featuredmedia":[{"embeddable":true,"href":"https:\/\/primermomento.com\/index.php?rest_route=\/wp\/v2\/media\/378417"}],"wp:attachment":[{"href":"https:\/\/primermomento.com\/index.php?rest_route=%2Fwp%2Fv2%2Fmedia&parent=377401"}],"wp:term":[{"taxonomy":"category","embeddable":true,"href":"https:\/\/primermomento.com\/index.php?rest_route=%2Fwp%2Fv2%2Fcategories&post=377401"},{"taxonomy":"post_tag","embeddable":true,"href":"https:\/\/primermomento.com\/index.php?rest_route=%2Fwp%2Fv2%2Ftags&post=377401"}],"curies":[{"name":"wp","href":"https:\/\/api.w.org\/{rel}","templated":true}]}}