{"id":377660,"date":"2023-01-26T11:41:00","date_gmt":"2023-01-26T15:41:00","guid":{"rendered":"http:\/\/primermomento.com\/?p=377660"},"modified":"2023-02-07T11:36:47","modified_gmt":"2023-02-07T15:36:47","slug":"cantante-shakira-sera-centro-de-una-exposicion-en-eeuu","status":"publish","type":"post","link":"https:\/\/primermomento.com\/?p=377660","title":{"rendered":"Cantante Shakira ser\u00e1 centro de una exposici\u00f3n en museo famoso en EEUU"},"content":{"rendered":"\n<p class=\"wp-block-paragraph\">LOS \u00c1NGELES, EEUU.- La exhibici\u00f3n Shakira, Shakira de la famosa cantante colombiana, se inaugurar\u00e1 el pr\u00f3ximo 4 de marzo en el The Grammy Museum Experience, en Los \u00c1ngeles, Estados Unidos, inform\u00f3 hoy la instituci\u00f3n en un comunicado.<\/p>\n\n\n\n<p class=\"wp-block-paragraph\">Entre las atracciones de la muestra estar\u00e1n varias de sus guitarras, como una Gibson cubierta con m\u00e1s de 70 mil cristales Swarovski; una Taylor ac\u00fastica; una Fender, con la cual se present\u00f3 en su gira Fijaci\u00f3n Oral, de 2006 y 2007, as\u00ed como una Yamaha, que la acompa\u00f1\u00f3 en su gira El Dorado, de 2018.<\/p>\n\n\n\n<p class=\"wp-block-paragraph\">\u201cEs un honor para m\u00ed tener la traves\u00eda de mi carrera exhibida en el museo del Grammy. Estas piezas son un testamento de tantos momentos indelebles que atesoro, y estoy feliz de revivir esas memorias con aquellos que me han apoyado y que me siguen apoyando como artista\u201d, se\u00f1al\u00f3 en un mensaje a la Academia de Grabaci\u00f3n.<\/p>\n\n\n\n<p class=\"wp-block-paragraph\">Tambi\u00e9n se exhibir\u00e1n dos trajes que us\u00f3 la cantautora en el principal campeonato de f\u00fatbol americano de Estados Unidos, Super Bowl (2020), los vestuarios de su gira El Dorado y un bikini cubierto de hojas que luci\u00f3 en la portada de su primer \u00e1lbum en ingl\u00e9s, Oral Fixation, Vol.2, de 2005, as\u00ed como una libreta con las letras de sus canciones escritas a mano.<\/p>\n\n\n\n<p class=\"wp-block-paragraph\">El Museo del Grammy reflejar\u00e1 su recorrido musical desde sus or\u00edgenes en Barranquilla, Colombia, hasta convertirse en una superestrella cuya m\u00fasica abarca diversos g\u00e9neros como pop, bachata, rock y reggaet\u00f3n, con los que contribuy\u00f3 a promover la m\u00fasica latina en el mundo.<\/p>\n\n\n\n<p class=\"wp-block-paragraph\">Hace dos semanas, la estrella galardonada con tres Grammy y 11 Grammy Latinos, lanz\u00f3 su canci\u00f3n BZRP Music Sessions Vol. 53 junto al DJ y productor argentino Bizarrap, que actualmente se encuentra en el primer puesto de la listas de las canciones m\u00e1s populares en espa\u00f1ol, gracias, adem\u00e1s, por la controversia que gener\u00f3 con su mensaje contra su ex esposo Gerard Piqu\u00e9.<\/p>\n\n\n\n<p class=\"wp-block-paragraph\">Shakira, quien cuenta con m\u00e1s de tres d\u00e9cadas de trayectoria musical, ha sobresalido por \u00e9xitos como Inevitable, Hips Don\u2019t Lie, La tortura, La bicicleta y Ojos as\u00ed.<\/p>\n\n\n\n<p class=\"has-text-align-right wp-block-paragraph\"><em>PL<\/em><\/p>\n","protected":false},"excerpt":{"rendered":"<p>LOS \u00c1NGELES, EEUU.- La exhibici\u00f3n Shakira, Shakira de la famosa cantante colombiana, se inaugurar\u00e1 el pr\u00f3ximo 4 de marzo en el The Grammy Museum Experience, en Los \u00c1ngeles, Estados Unidos, inform\u00f3 hoy la instituci\u00f3n en un comunicado. Entre las atracciones de la muestra estar\u00e1n varias de sus guitarras, como una Gibson cubierta con m\u00e1s de [&hellip;]<\/p>\n","protected":false},"author":1,"featured_media":378387,"comment_status":"open","ping_status":"open","sticky":false,"template":"","format":"standard","meta":{"_bbp_topic_count":0,"_bbp_reply_count":0,"_bbp_total_topic_count":0,"_bbp_total_reply_count":0,"_bbp_voice_count":0,"_bbp_anonymous_reply_count":0,"_bbp_topic_count_hidden":0,"_bbp_reply_count_hidden":0,"_bbp_forum_subforum_count":0,"footnotes":""},"categories":[39],"tags":[],"class_list":["post-377660","post","type-post","status-publish","format-standard","has-post-thumbnail","category-entretenimiento"],"_links":{"self":[{"href":"https:\/\/primermomento.com\/index.php?rest_route=\/wp\/v2\/posts\/377660","targetHints":{"allow":["GET"]}}],"collection":[{"href":"https:\/\/primermomento.com\/index.php?rest_route=\/wp\/v2\/posts"}],"about":[{"href":"https:\/\/primermomento.com\/index.php?rest_route=\/wp\/v2\/types\/post"}],"author":[{"embeddable":true,"href":"https:\/\/primermomento.com\/index.php?rest_route=\/wp\/v2\/users\/1"}],"replies":[{"embeddable":true,"href":"https:\/\/primermomento.com\/index.php?rest_route=%2Fwp%2Fv2%2Fcomments&post=377660"}],"version-history":[{"count":4,"href":"https:\/\/primermomento.com\/index.php?rest_route=\/wp\/v2\/posts\/377660\/revisions"}],"predecessor-version":[{"id":378675,"href":"https:\/\/primermomento.com\/index.php?rest_route=\/wp\/v2\/posts\/377660\/revisions\/378675"}],"wp:featuredmedia":[{"embeddable":true,"href":"https:\/\/primermomento.com\/index.php?rest_route=\/wp\/v2\/media\/378387"}],"wp:attachment":[{"href":"https:\/\/primermomento.com\/index.php?rest_route=%2Fwp%2Fv2%2Fmedia&parent=377660"}],"wp:term":[{"taxonomy":"category","embeddable":true,"href":"https:\/\/primermomento.com\/index.php?rest_route=%2Fwp%2Fv2%2Fcategories&post=377660"},{"taxonomy":"post_tag","embeddable":true,"href":"https:\/\/primermomento.com\/index.php?rest_route=%2Fwp%2Fv2%2Ftags&post=377660"}],"curies":[{"name":"wp","href":"https:\/\/api.w.org\/{rel}","templated":true}]}}