{"id":377902,"date":"2023-01-31T10:06:00","date_gmt":"2023-01-31T14:06:00","guid":{"rendered":"http:\/\/primermomento.com\/?p=377902"},"modified":"2023-02-07T11:35:54","modified_gmt":"2023-02-07T15:35:54","slug":"plataforma-sueca-spotify-destaca-sus-205-millones-de-usuarios","status":"publish","type":"post","link":"https:\/\/primermomento.com\/?p=377902","title":{"rendered":"Plataforma sueca Spotify destaca sus 205 millones de usuarios en el 2022"},"content":{"rendered":"\n<p class=\"wp-block-paragraph\">ESTOCOLMO, Suecia.- La plataforma sueca de m\u00fasica en streaming Spotify destac\u00f3 hoy en un comunicado que cerr\u00f3 el \u00faltimo trimestre de 2022 con 205 millones de perfiles suscritos y 489 millones de usuarios activos mensuales.<\/p>\n\n\n\n<p class=\"wp-block-paragraph\">La compa\u00f1\u00eda creada en 2006, una de las m\u00e1s populares a nivel global por sus servicios y aplicaci\u00f3n hom\u00f3nima para la reproducci\u00f3n de m\u00fasica en Internet, consider\u00f3 que con tales cifras super\u00f3 sus expectativas, al aumentar en 14 por ciento la cantidad de usuarios suscritos con respecto al mismo trimestre del a\u00f1o anterior.<\/p>\n\n\n\n<p class=\"wp-block-paragraph\">Seg\u00fan el texto, Spotify sum\u00f3 tres millones m\u00e1s de suscriptores con respecto a lo previsto y hasta diez millones m\u00e1s de usuarios activos.<\/p>\n\n\n\n<p class=\"wp-block-paragraph\">Al respecto su director ejecutivo, Daniel Ek, se\u00f1al\u00f3 en su cuenta de la red social Twitter que el cuarto trimestre de 2022 signific\u00f3 \u201cun gran crecimiento para la plataforma\u201d, a pesar de ser \u201cun a\u00f1o desafiante\u201d y pronostic\u00f3 un impulso a la eficiencia de la empresa en 2023.<\/p>\n\n\n\n<p class=\"wp-block-paragraph\">Sin embargo, el informe revela tambi\u00e9n que la compa\u00f1\u00eda de producci\u00f3n y distribuci\u00f3n de m\u00fasica y p\u00f3dcasts registr\u00f3 p\u00e9rdidas netas de 430 millones de euros en 2022, un fuerte incremento con respecto a los 34 millones de 2021.<\/p>\n\n\n\n<p class=\"wp-block-paragraph\">Por tal motivo, la firma inform\u00f3 la pasada semana que disminuir\u00e1 su plantilla en 6,0 por ciento, lo que implica que 600 empleados ir\u00e1n a la calle.<\/p>\n\n\n\n<p class=\"has-text-align-right wp-block-paragraph\"><em>PL<\/em><\/p>\n","protected":false},"excerpt":{"rendered":"<p>ESTOCOLMO, Suecia.- La plataforma sueca de m\u00fasica en streaming Spotify destac\u00f3 hoy en un comunicado que cerr\u00f3 el \u00faltimo trimestre de 2022 con 205 millones de perfiles suscritos y 489 millones de usuarios activos mensuales. La compa\u00f1\u00eda creada en 2006, una de las m\u00e1s populares a nivel global por sus servicios y aplicaci\u00f3n hom\u00f3nima para [&hellip;]<\/p>\n","protected":false},"author":1,"featured_media":377903,"comment_status":"open","ping_status":"open","sticky":false,"template":"","format":"standard","meta":{"_bbp_topic_count":0,"_bbp_reply_count":0,"_bbp_total_topic_count":0,"_bbp_total_reply_count":0,"_bbp_voice_count":0,"_bbp_anonymous_reply_count":0,"_bbp_topic_count_hidden":0,"_bbp_reply_count_hidden":0,"_bbp_forum_subforum_count":0,"footnotes":""},"categories":[39,60],"tags":[],"class_list":["post-377902","post","type-post","status-publish","format-standard","has-post-thumbnail","category-entretenimiento","category-titulares-del-dia"],"_links":{"self":[{"href":"https:\/\/primermomento.com\/index.php?rest_route=\/wp\/v2\/posts\/377902","targetHints":{"allow":["GET"]}}],"collection":[{"href":"https:\/\/primermomento.com\/index.php?rest_route=\/wp\/v2\/posts"}],"about":[{"href":"https:\/\/primermomento.com\/index.php?rest_route=\/wp\/v2\/types\/post"}],"author":[{"embeddable":true,"href":"https:\/\/primermomento.com\/index.php?rest_route=\/wp\/v2\/users\/1"}],"replies":[{"embeddable":true,"href":"https:\/\/primermomento.com\/index.php?rest_route=%2Fwp%2Fv2%2Fcomments&post=377902"}],"version-history":[{"count":4,"href":"https:\/\/primermomento.com\/index.php?rest_route=\/wp\/v2\/posts\/377902\/revisions"}],"predecessor-version":[{"id":378674,"href":"https:\/\/primermomento.com\/index.php?rest_route=\/wp\/v2\/posts\/377902\/revisions\/378674"}],"wp:featuredmedia":[{"embeddable":true,"href":"https:\/\/primermomento.com\/index.php?rest_route=\/wp\/v2\/media\/377903"}],"wp:attachment":[{"href":"https:\/\/primermomento.com\/index.php?rest_route=%2Fwp%2Fv2%2Fmedia&parent=377902"}],"wp:term":[{"taxonomy":"category","embeddable":true,"href":"https:\/\/primermomento.com\/index.php?rest_route=%2Fwp%2Fv2%2Fcategories&post=377902"},{"taxonomy":"post_tag","embeddable":true,"href":"https:\/\/primermomento.com\/index.php?rest_route=%2Fwp%2Fv2%2Ftags&post=377902"}],"curies":[{"name":"wp","href":"https:\/\/api.w.org\/{rel}","templated":true}]}}