{"id":378796,"date":"2023-02-08T04:00:00","date_gmt":"2023-02-08T08:00:00","guid":{"rendered":"http:\/\/primermomento.com\/?p=378796"},"modified":"2023-02-08T10:57:02","modified_gmt":"2023-02-08T14:57:02","slug":"anuncian-detalles-del-desfile-nacional-de-carnaval-el-proximo-5-de-marzo","status":"publish","type":"post","link":"https:\/\/primermomento.com\/?p=378796","title":{"rendered":"Anuncian detalles del Desfile Nacional de Carnaval el pr\u00f3ximo 5 de marzo"},"content":{"rendered":"\n<p class=\"wp-block-paragraph\">SANTO DOMINGO, Rep\u00fablica Dominicana.- El Ministerio de Cultura de la Rep\u00fablica Dominicana anunci\u00f3 que el pr\u00f3ximo 5 de marzo se llevar\u00e1 a cabo el Desfile Nacional del Carnaval 2023.<\/p>\n\n\n\n<p class=\"wp-block-paragraph\">En rueda de prensa, la ministra de Cultura Milagros Germ\u00e1n expres\u00f3 que la fiesta, dedicada a la memoria del fenecido folkclorista V\u00edctor Erarte (Vitico), comenzar\u00e1 en horas de la tarde con la participaci\u00f3n de cerca de 150 comparsas representativas de las regiones Norte, Sur y Este del pa\u00eds y sus provincias.<\/p>\n\n\n\n<p class=\"wp-block-paragraph\">Durante el encuentro tambi\u00e9n fueron otorgados reconocimientos a cuatro personalidades de la naci\u00f3n caribe\u00f1a por sus importantes aportes a la celebraci\u00f3n del primer Desfile Nacional de Carnaval, efectuado hace 40 a\u00f1os.<\/p>\n\n\n\n<p class=\"wp-block-paragraph\">Ellos son Milagros Ortiz Bosch, Freddy Ginebra, Rafael Suberv\u00ed y Dagoberto Tejada, considerados los precursores de este evento.<\/p>\n\n\n\n<p class=\"wp-block-paragraph\">Asimismo, Germ\u00e1n expres\u00f3 que ser\u00e1n designados rey y reina del carnaval el folklorista de Santiago, Rafael Alm\u00e1nzar, y Diomary La Mala, \u201cambos dignos representantes de la cultura nacional, cuyo acto de coronaci\u00f3n tendr\u00e1 lugar el jueves 16 de febrero en el bar del Gran Teatro del Cibao\u201d.<\/p>\n\n\n\n<p class=\"wp-block-paragraph\">La funcionaria dijo que en el desfile se otorgar\u00e1 el Gran Premio a la mejor comparsa y tambi\u00e9n ser\u00e1n concedidas distinciones en 10 categor\u00edas.<\/p>\n\n\n\n<p class=\"wp-block-paragraph\">Finalmente, la ministra inform\u00f3 que trabajan en colaboraci\u00f3n con los organismos de seguridad y asistencia a la poblaci\u00f3n civil para garantizar seguridad e integridad f\u00edsica de los asistentes a esta celebraci\u00f3n.<\/p>\n\n\n\n<p class=\"has-text-align-right wp-block-paragraph\"><em>PL<\/em><\/p>\n","protected":false},"excerpt":{"rendered":"<p>SANTO DOMINGO, Rep\u00fablica Dominicana.- El Ministerio de Cultura de la Rep\u00fablica Dominicana anunci\u00f3 que el pr\u00f3ximo 5 de marzo se llevar\u00e1 a cabo el Desfile Nacional del Carnaval 2023. En rueda de prensa, la ministra de Cultura Milagros Germ\u00e1n expres\u00f3 que la fiesta, dedicada a la memoria del fenecido folkclorista V\u00edctor Erarte (Vitico), comenzar\u00e1 en [&hellip;]<\/p>\n","protected":false},"author":1,"featured_media":378798,"comment_status":"open","ping_status":"open","sticky":false,"template":"","format":"standard","meta":{"_bbp_topic_count":0,"_bbp_reply_count":0,"_bbp_total_topic_count":0,"_bbp_total_reply_count":0,"_bbp_voice_count":0,"_bbp_anonymous_reply_count":0,"_bbp_topic_count_hidden":0,"_bbp_reply_count_hidden":0,"_bbp_forum_subforum_count":0,"footnotes":""},"categories":[39,60],"tags":[],"class_list":["post-378796","post","type-post","status-publish","format-standard","has-post-thumbnail","category-entretenimiento","category-titulares-del-dia"],"_links":{"self":[{"href":"https:\/\/primermomento.com\/index.php?rest_route=\/wp\/v2\/posts\/378796","targetHints":{"allow":["GET"]}}],"collection":[{"href":"https:\/\/primermomento.com\/index.php?rest_route=\/wp\/v2\/posts"}],"about":[{"href":"https:\/\/primermomento.com\/index.php?rest_route=\/wp\/v2\/types\/post"}],"author":[{"embeddable":true,"href":"https:\/\/primermomento.com\/index.php?rest_route=\/wp\/v2\/users\/1"}],"replies":[{"embeddable":true,"href":"https:\/\/primermomento.com\/index.php?rest_route=%2Fwp%2Fv2%2Fcomments&post=378796"}],"version-history":[{"count":1,"href":"https:\/\/primermomento.com\/index.php?rest_route=\/wp\/v2\/posts\/378796\/revisions"}],"predecessor-version":[{"id":378799,"href":"https:\/\/primermomento.com\/index.php?rest_route=\/wp\/v2\/posts\/378796\/revisions\/378799"}],"wp:featuredmedia":[{"embeddable":true,"href":"https:\/\/primermomento.com\/index.php?rest_route=\/wp\/v2\/media\/378798"}],"wp:attachment":[{"href":"https:\/\/primermomento.com\/index.php?rest_route=%2Fwp%2Fv2%2Fmedia&parent=378796"}],"wp:term":[{"taxonomy":"category","embeddable":true,"href":"https:\/\/primermomento.com\/index.php?rest_route=%2Fwp%2Fv2%2Fcategories&post=378796"},{"taxonomy":"post_tag","embeddable":true,"href":"https:\/\/primermomento.com\/index.php?rest_route=%2Fwp%2Fv2%2Ftags&post=378796"}],"curies":[{"name":"wp","href":"https:\/\/api.w.org\/{rel}","templated":true}]}}