{"id":378940,"date":"2023-02-09T08:01:00","date_gmt":"2023-02-09T12:01:00","guid":{"rendered":"http:\/\/primermomento.com\/?p=378940"},"modified":"2023-02-09T14:05:00","modified_gmt":"2023-02-09T18:05:00","slug":"asaltante-del-capitolio-de-eeuu-enfrenta-sentencia-de-hasta-70-meses","status":"publish","type":"post","link":"https:\/\/primermomento.com\/?p=378940","title":{"rendered":"Asaltante del Capitolio de EEUU enfrenta sentencia de hasta 70 meses"},"content":{"rendered":"\n<p>WASHINGTON, EEUU.- Kevin Seefried, uno de los atacantes al Capitolio de Estados Unidos durante los sucesos de enero de 2021, acudir\u00e1 hoy a una corte federal para conocer su sentencia, que podr\u00eda ser de hasta 70 meses.<\/p>\n\n\n\n<p>Las im\u00e1genes del seguidor de las doctrinas del entonces presidente Donald Trump (2017-2021), en marcha por los pasillos del Congreso mientras bland\u00eda una bandera confederada, se difundieron tras el asalto y son reconocidas como una de las m\u00e1s ic\u00f3nicas tomadas ese d\u00eda.<\/p>\n\n\n\n<p>Seefried, de 53 a\u00f1os, fue condenado en junio de 2022 despu\u00e9s de que el juez Trevor McFadden del Tribunal de Distrito para el Distrito de Columbia determinara que penetr\u00f3 ilegalmente al Capitolio.<\/p>\n\n\n\n<p>El residente de Delaware fue declarado culpable de m\u00faltiples cargos, incluida la obstrucci\u00f3n del trabajo del Congreso, el ingreso a un edificio restringido, alteraci\u00f3n del orden p\u00fablico y desfile ilegal.<\/p>\n\n\n\n<p>Los fiscales solicitaron al magistrado que dicte una pena de prisi\u00f3n de 70 meses, o sea, casi seis a\u00f1os.<\/p>\n\n\n\n<p>Su hijo, Hunter, tambi\u00e9n fue sentenciado en 2022 a dos a\u00f1os de prisi\u00f3n por el cargo de obstrucci\u00f3n grave, pero absuelto de otros, incluida la destrucci\u00f3n de propiedad del gobierno.<\/p>\n\n\n\n<p>La familia Seefried declar\u00f3 viajar a Washington D.C. para asistir a la manifestaci\u00f3n que tuvo lugar cerca de la Casa Blanca convocada por Trump el 6 de enero.<\/p>\n\n\n\n<p>Seg\u00fan revelaron los fiscales, Kevin estaba entre los primeros manifestantes en ingresar al Capitolio por una ventana rota, tras lo cual se enfrent\u00f3 al polic\u00eda Eugene Goodman. El oficial describi\u00f3 a Seefried como enojado y dijo que hab\u00eda usado la bandera confederada para golpearlo.<\/p>\n\n\n\n<p>\u201cDurante su confrontaci\u00f3n, Seefried empuj\u00f3 la culata de su asta de bandera al oficial Goodman. Esa asta de bandera no solo era un arma capaz de causar lesiones graves, se le coloc\u00f3 una bandera de Batalla Confederada y fue blandida por un hombre parado al frente de una turba vol\u00e1til y creciente hacia un oficial de polic\u00eda negro solitario\u201d, alegaron los fiscales.<\/p>\n\n\n\n<p class=\"has-text-align-right\"><em>PL<\/em><\/p>\n","protected":false},"excerpt":{"rendered":"<p>WASHINGTON, EEUU.- Kevin Seefried, uno de los atacantes al Capitolio de Estados Unidos durante los sucesos de enero de 2021, acudir\u00e1 hoy a una corte federal para conocer su sentencia, que podr\u00eda ser de hasta 70 meses. Las im\u00e1genes del seguidor de las doctrinas del entonces presidente Donald Trump (2017-2021), en marcha por los pasillos [&hellip;]<\/p>\n","protected":false},"author":1,"featured_media":378946,"comment_status":"open","ping_status":"open","sticky":false,"template":"","format":"standard","meta":{"_bbp_topic_count":0,"_bbp_reply_count":0,"_bbp_total_topic_count":0,"_bbp_total_reply_count":0,"_bbp_voice_count":0,"_bbp_anonymous_reply_count":0,"_bbp_topic_count_hidden":0,"_bbp_reply_count_hidden":0,"_bbp_forum_subforum_count":0,"footnotes":""},"categories":[109,60],"tags":[],"class_list":{"0":"post-378940","1":"post","2":"type-post","3":"status-publish","4":"format-standard","5":"has-post-thumbnail","7":"category-eleccion","8":"category-titulares-del-dia"},"_links":{"self":[{"href":"https:\/\/primermomento.com\/index.php?rest_route=\/wp\/v2\/posts\/378940","targetHints":{"allow":["GET"]}}],"collection":[{"href":"https:\/\/primermomento.com\/index.php?rest_route=\/wp\/v2\/posts"}],"about":[{"href":"https:\/\/primermomento.com\/index.php?rest_route=\/wp\/v2\/types\/post"}],"author":[{"embeddable":true,"href":"https:\/\/primermomento.com\/index.php?rest_route=\/wp\/v2\/users\/1"}],"replies":[{"embeddable":true,"href":"https:\/\/primermomento.com\/index.php?rest_route=%2Fwp%2Fv2%2Fcomments&post=378940"}],"version-history":[{"count":2,"href":"https:\/\/primermomento.com\/index.php?rest_route=\/wp\/v2\/posts\/378940\/revisions"}],"predecessor-version":[{"id":378944,"href":"https:\/\/primermomento.com\/index.php?rest_route=\/wp\/v2\/posts\/378940\/revisions\/378944"}],"wp:featuredmedia":[{"embeddable":true,"href":"https:\/\/primermomento.com\/index.php?rest_route=\/wp\/v2\/media\/378946"}],"wp:attachment":[{"href":"https:\/\/primermomento.com\/index.php?rest_route=%2Fwp%2Fv2%2Fmedia&parent=378940"}],"wp:term":[{"taxonomy":"category","embeddable":true,"href":"https:\/\/primermomento.com\/index.php?rest_route=%2Fwp%2Fv2%2Fcategories&post=378940"},{"taxonomy":"post_tag","embeddable":true,"href":"https:\/\/primermomento.com\/index.php?rest_route=%2Fwp%2Fv2%2Ftags&post=378940"}],"curies":[{"name":"wp","href":"https:\/\/api.w.org\/{rel}","templated":true}]}}