{"id":379561,"date":"2023-02-16T06:10:00","date_gmt":"2023-02-16T10:10:00","guid":{"rendered":"http:\/\/primermomento.com\/?p=379561"},"modified":"2023-02-15T20:46:37","modified_gmt":"2023-02-16T00:46:37","slug":"eligen-representantes-de-dominicana-en-premios-platino","status":"publish","type":"post","link":"https:\/\/primermomento.com\/?p=379561","title":{"rendered":"Eligen representantes de Dominicana en Premios Platino"},"content":{"rendered":"\n<p class=\"wp-block-paragraph\">\u00a0SANTO DOMINGO, Rep\u00fablica Dominicana.- Las pel\u00edculas L\u00edo de familia y Carajita, fueron seleccionadas por la Entidad de Gesti\u00f3n de Derechos de los Productores Audiovisuales Dominicana, para representar el pa\u00eds en los Premios Platino del Cine Iberoamericano.<\/p>\n\n\n\n<p class=\"wp-block-paragraph\">Tambi\u00e9n fueron escogidas producciones para competir en las categor\u00edas Mejor Pel\u00edcula Iberoamericana de Ficci\u00f3n; Comedia Iberoamericana de Ficci\u00f3n, as\u00ed como a los int\u00e9rpretes para Reparto Categor\u00edas de Mejor Miniserie y en Miniserie.<\/p>\n\n\n\n<p class=\"wp-block-paragraph\">Adem\u00e1s, Mejor Largometraje Documental, Direcci\u00f3n de Arte y Mejor Direcci\u00f3n de Fotograf\u00eda.<\/p>\n\n\n\n<p class=\"wp-block-paragraph\">Los Premios Platino reconocer\u00e1n lo mejor de la industria audiovisual iberoamericana en una ceremonia a celebrarse el 22 de abril en Madrid, Espa\u00f1a.<\/p>\n\n\n\n<p class=\"has-text-align-right wp-block-paragraph\"><em>PL<\/em><\/p>\n","protected":false},"excerpt":{"rendered":"<p>\u00a0SANTO DOMINGO, Rep\u00fablica Dominicana.- Las pel\u00edculas L\u00edo de familia y Carajita, fueron seleccionadas por la Entidad de Gesti\u00f3n de Derechos de los Productores Audiovisuales Dominicana, para representar el pa\u00eds en los Premios Platino del Cine Iberoamericano. Tambi\u00e9n fueron escogidas producciones para competir en las categor\u00edas Mejor Pel\u00edcula Iberoamericana de Ficci\u00f3n; Comedia Iberoamericana de Ficci\u00f3n, as\u00ed [&hellip;]<\/p>\n","protected":false},"author":1,"featured_media":379562,"comment_status":"open","ping_status":"open","sticky":false,"template":"","format":"standard","meta":{"_bbp_topic_count":0,"_bbp_reply_count":0,"_bbp_total_topic_count":0,"_bbp_total_reply_count":0,"_bbp_voice_count":0,"_bbp_anonymous_reply_count":0,"_bbp_topic_count_hidden":0,"_bbp_reply_count_hidden":0,"_bbp_forum_subforum_count":0,"footnotes":""},"categories":[39,60],"tags":[],"class_list":["post-379561","post","type-post","status-publish","format-standard","has-post-thumbnail","category-entretenimiento","category-titulares-del-dia"],"_links":{"self":[{"href":"https:\/\/primermomento.com\/index.php?rest_route=\/wp\/v2\/posts\/379561","targetHints":{"allow":["GET"]}}],"collection":[{"href":"https:\/\/primermomento.com\/index.php?rest_route=\/wp\/v2\/posts"}],"about":[{"href":"https:\/\/primermomento.com\/index.php?rest_route=\/wp\/v2\/types\/post"}],"author":[{"embeddable":true,"href":"https:\/\/primermomento.com\/index.php?rest_route=\/wp\/v2\/users\/1"}],"replies":[{"embeddable":true,"href":"https:\/\/primermomento.com\/index.php?rest_route=%2Fwp%2Fv2%2Fcomments&post=379561"}],"version-history":[{"count":1,"href":"https:\/\/primermomento.com\/index.php?rest_route=\/wp\/v2\/posts\/379561\/revisions"}],"predecessor-version":[{"id":379563,"href":"https:\/\/primermomento.com\/index.php?rest_route=\/wp\/v2\/posts\/379561\/revisions\/379563"}],"wp:featuredmedia":[{"embeddable":true,"href":"https:\/\/primermomento.com\/index.php?rest_route=\/wp\/v2\/media\/379562"}],"wp:attachment":[{"href":"https:\/\/primermomento.com\/index.php?rest_route=%2Fwp%2Fv2%2Fmedia&parent=379561"}],"wp:term":[{"taxonomy":"category","embeddable":true,"href":"https:\/\/primermomento.com\/index.php?rest_route=%2Fwp%2Fv2%2Fcategories&post=379561"},{"taxonomy":"post_tag","embeddable":true,"href":"https:\/\/primermomento.com\/index.php?rest_route=%2Fwp%2Fv2%2Ftags&post=379561"}],"curies":[{"name":"wp","href":"https:\/\/api.w.org\/{rel}","templated":true}]}}