{"id":379685,"date":"2023-02-17T10:39:00","date_gmt":"2023-02-17T14:39:00","guid":{"rendered":"http:\/\/primermomento.com\/?p=379685"},"modified":"2023-02-19T14:03:31","modified_gmt":"2023-02-19T18:03:31","slug":"arranca-festival-internacional-de-la-cancion-de-vina-del-mar","status":"publish","type":"post","link":"https:\/\/primermomento.com\/?p=379685","title":{"rendered":"Arranca Festival Internacional de la Canci\u00f3n de Vi\u00f1a del Mar"},"content":{"rendered":"\n<p class=\"wp-block-paragraph\">SANTIAGO DE CHILE, Chile.- Con una gala titulada \u201cNoche Cero\u201d comenzar\u00e1n hoy las actividades de la edici\u00f3n 62 del Festival Internacional de la Canci\u00f3n de Vi\u00f1a del Mar, el m\u00e1s importante acontecimiento musical de Chile.<\/p>\n\n\n\n<p class=\"wp-block-paragraph\">Tras una pausa de dos a\u00f1os debido a las restricciones impuestas por la pandemia de la Covid-19, las calles de la tambi\u00e9n llamada Ciudad Jard\u00edn se animar\u00e1n con este tradicional evento, que pr\u00e1cticamente pone fin a la temporada de vacaciones veraniegas en el pa\u00eds austral.<\/p>\n\n\n\n<p class=\"wp-block-paragraph\">La tradicional gala que da el banderazo de salida a esta cita nacional e internacional se efectuar\u00e1 esta noche en la c\u00e9ntrica plaza Colombia, en la intersecci\u00f3n con la avenida Per\u00fa.<\/p>\n\n\n\n<p class=\"wp-block-paragraph\">Pasar\u00e1n por la alfombra roja personalidades del espect\u00e1culo, entre ellas cantantes, animadores de distintos medios de comunicaci\u00f3n, invitados especiales e incluso deportistas, como el futbolista Luis \u201cMago\u201d Jim\u00e9nez, con larga trayectoria dentro y fuera del pa\u00eds.<\/p>\n\n\n\n<p class=\"wp-block-paragraph\">Una caracter\u00edstica de este a\u00f1o es que los organizadores pidieron a los invitados no poner el \u00e9nfasis en el lujo, sino en lo sustentable para estar a tono con los tiempos actuales de lucha por la protecci\u00f3n del medio ambiente.<\/p>\n\n\n\n<p class=\"wp-block-paragraph\">Tras la gala se abrir\u00e1 un breve espacio y elpr\u00f3ximo domingo comenzar\u00e1 en la emblem\u00e1tica Quinta Vergara la etapa de competencias, la cual se extender\u00e1 hasta el viernes 24, cuando se conocer\u00e1n los premiados en las categor\u00edas internacional y folcl\u00f3rica.<\/p>\n\n\n\n<p class=\"wp-block-paragraph\">El jurado estar\u00e1 compuesto por ocho miembros, entre los que destacan Juanita Parra, baterista del grupo Los Jaibas; la argentina Nicki Nicole y el cantante chileno Polim\u00e1 Westcoast.<\/p>\n\n\n\n<p class=\"has-text-align-right wp-block-paragraph\"><em>PL<\/em><\/p>\n","protected":false},"excerpt":{"rendered":"<p>SANTIAGO DE CHILE, Chile.- Con una gala titulada \u201cNoche Cero\u201d comenzar\u00e1n hoy las actividades de la edici\u00f3n 62 del Festival Internacional de la Canci\u00f3n de Vi\u00f1a del Mar, el m\u00e1s importante acontecimiento musical de Chile. Tras una pausa de dos a\u00f1os debido a las restricciones impuestas por la pandemia de la Covid-19, las calles de [&hellip;]<\/p>\n","protected":false},"author":1,"featured_media":379686,"comment_status":"open","ping_status":"open","sticky":false,"template":"","format":"standard","meta":{"_bbp_topic_count":0,"_bbp_reply_count":0,"_bbp_total_topic_count":0,"_bbp_total_reply_count":0,"_bbp_voice_count":0,"_bbp_anonymous_reply_count":0,"_bbp_topic_count_hidden":0,"_bbp_reply_count_hidden":0,"_bbp_forum_subforum_count":0,"footnotes":""},"categories":[39],"tags":[],"class_list":["post-379685","post","type-post","status-publish","format-standard","has-post-thumbnail","category-entretenimiento"],"_links":{"self":[{"href":"https:\/\/primermomento.com\/index.php?rest_route=\/wp\/v2\/posts\/379685","targetHints":{"allow":["GET"]}}],"collection":[{"href":"https:\/\/primermomento.com\/index.php?rest_route=\/wp\/v2\/posts"}],"about":[{"href":"https:\/\/primermomento.com\/index.php?rest_route=\/wp\/v2\/types\/post"}],"author":[{"embeddable":true,"href":"https:\/\/primermomento.com\/index.php?rest_route=\/wp\/v2\/users\/1"}],"replies":[{"embeddable":true,"href":"https:\/\/primermomento.com\/index.php?rest_route=%2Fwp%2Fv2%2Fcomments&post=379685"}],"version-history":[{"count":1,"href":"https:\/\/primermomento.com\/index.php?rest_route=\/wp\/v2\/posts\/379685\/revisions"}],"predecessor-version":[{"id":379687,"href":"https:\/\/primermomento.com\/index.php?rest_route=\/wp\/v2\/posts\/379685\/revisions\/379687"}],"wp:featuredmedia":[{"embeddable":true,"href":"https:\/\/primermomento.com\/index.php?rest_route=\/wp\/v2\/media\/379686"}],"wp:attachment":[{"href":"https:\/\/primermomento.com\/index.php?rest_route=%2Fwp%2Fv2%2Fmedia&parent=379685"}],"wp:term":[{"taxonomy":"category","embeddable":true,"href":"https:\/\/primermomento.com\/index.php?rest_route=%2Fwp%2Fv2%2Fcategories&post=379685"},{"taxonomy":"post_tag","embeddable":true,"href":"https:\/\/primermomento.com\/index.php?rest_route=%2Fwp%2Fv2%2Ftags&post=379685"}],"curies":[{"name":"wp","href":"https:\/\/api.w.org\/{rel}","templated":true}]}}