{"id":379908,"date":"2023-02-19T13:50:00","date_gmt":"2023-02-19T17:50:00","guid":{"rendered":"http:\/\/primermomento.com\/?p=379908"},"modified":"2023-02-19T14:16:51","modified_gmt":"2023-02-19T18:16:51","slug":"expresidente-de-eeuu-james-carter-recibe-cuidados-paliativos","status":"publish","type":"post","link":"https:\/\/primermomento.com\/?p=379908","title":{"rendered":"Expresidente de EEUU James Carter recibe cuidados paliativos"},"content":{"rendered":"\n<p>ATLANTA, EEUU.- El expresidente de Estados Unidos James Carter, de 98 a\u00f1os, comenz\u00f3 a recibir cuidados paliativos tras una serie de cortas estancias hospitalarias, seg\u00fan comunic\u00f3 hoy el centro que lleva su nombre.<\/p>\n\n\n\n<p>En un mensaje publicado este s\u00e1bado en su p\u00e1gina en Internet, el Centro Carter inform\u00f3 que el exmandatario dem\u00f3crata (1977-1981) \u201cdecidi\u00f3 pasar el tiempo que le queda en su casa con su familia y recibir cuidados paliativos en lugar de una intervenci\u00f3n m\u00e9dica adicional\u201d.<\/p>\n\n\n\n<p>Seg\u00fan el texto, el presidente n\u00famero 39 de Estados Unidos tiene todo el apoyo de su familia y de su equipo m\u00e9dico.<\/p>\n\n\n\n<p>\u00abLa familia Carter pide privacidad durante este tiempo y agradece la preocupaci\u00f3n mostrada por sus numerosos admiradores\u00bb, subray\u00f3.<\/p>\n\n\n\n<p>Carter, quien arrib\u00f3 a la mencionada edad el pasado 1 de octubre, se convirti\u00f3 en el presidente estadounidense vivo m\u00e1s longevo de la historia tras el fallecimiento el 30 de noviembre de 2018 del republicano George H.W. Bush, a los 94 a\u00f1os.<\/p>\n\n\n\n<p>El exgobernante venci\u00f3 el c\u00e1ncer cerebral en 2015, pero enfrent\u00f3 posteriormente una serie de problemas de salud en 2019, por lo que hubo que someterlo a una cirug\u00eda para eliminar presi\u00f3n sobre su cerebro.<\/p>\n\n\n\n<p>Durante su trayectoria pol\u00edtica, James Earl Carter Jr. (Plains, Georgia; 1924) fue tambi\u00e9n gobernador (1971-1975) y senador en la Asamblea General de Georgia (1962-1966).<\/p>\n\n\n\n<p class=\"has-text-align-right\"><em>PL<\/em><\/p>\n","protected":false},"excerpt":{"rendered":"<p>ATLANTA, EEUU.- El expresidente de Estados Unidos James Carter, de 98 a\u00f1os, comenz\u00f3 a recibir cuidados paliativos tras una serie de cortas estancias hospitalarias, seg\u00fan comunic\u00f3 hoy el centro que lleva su nombre. En un mensaje publicado este s\u00e1bado en su p\u00e1gina en Internet, el Centro Carter inform\u00f3 que el exmandatario dem\u00f3crata (1977-1981) \u201cdecidi\u00f3 pasar [&hellip;]<\/p>\n","protected":false},"author":1,"featured_media":322004,"comment_status":"open","ping_status":"open","sticky":false,"template":"","format":"standard","meta":{"_bbp_topic_count":0,"_bbp_reply_count":0,"_bbp_total_topic_count":0,"_bbp_total_reply_count":0,"_bbp_voice_count":0,"_bbp_anonymous_reply_count":0,"_bbp_topic_count_hidden":0,"_bbp_reply_count_hidden":0,"_bbp_forum_subforum_count":0,"footnotes":""},"categories":[61],"tags":[],"class_list":{"0":"post-379908","1":"post","2":"type-post","3":"status-publish","4":"format-standard","5":"has-post-thumbnail","7":"category-mundo"},"_links":{"self":[{"href":"https:\/\/primermomento.com\/index.php?rest_route=\/wp\/v2\/posts\/379908","targetHints":{"allow":["GET"]}}],"collection":[{"href":"https:\/\/primermomento.com\/index.php?rest_route=\/wp\/v2\/posts"}],"about":[{"href":"https:\/\/primermomento.com\/index.php?rest_route=\/wp\/v2\/types\/post"}],"author":[{"embeddable":true,"href":"https:\/\/primermomento.com\/index.php?rest_route=\/wp\/v2\/users\/1"}],"replies":[{"embeddable":true,"href":"https:\/\/primermomento.com\/index.php?rest_route=%2Fwp%2Fv2%2Fcomments&post=379908"}],"version-history":[{"count":1,"href":"https:\/\/primermomento.com\/index.php?rest_route=\/wp\/v2\/posts\/379908\/revisions"}],"predecessor-version":[{"id":379909,"href":"https:\/\/primermomento.com\/index.php?rest_route=\/wp\/v2\/posts\/379908\/revisions\/379909"}],"wp:featuredmedia":[{"embeddable":true,"href":"https:\/\/primermomento.com\/index.php?rest_route=\/wp\/v2\/media\/322004"}],"wp:attachment":[{"href":"https:\/\/primermomento.com\/index.php?rest_route=%2Fwp%2Fv2%2Fmedia&parent=379908"}],"wp:term":[{"taxonomy":"category","embeddable":true,"href":"https:\/\/primermomento.com\/index.php?rest_route=%2Fwp%2Fv2%2Fcategories&post=379908"},{"taxonomy":"post_tag","embeddable":true,"href":"https:\/\/primermomento.com\/index.php?rest_route=%2Fwp%2Fv2%2Ftags&post=379908"}],"curies":[{"name":"wp","href":"https:\/\/api.w.org\/{rel}","templated":true}]}}