{"id":379938,"date":"2023-02-19T14:00:00","date_gmt":"2023-02-19T18:00:00","guid":{"rendered":"http:\/\/primermomento.com\/?p=379938"},"modified":"2023-02-20T06:24:29","modified_gmt":"2023-02-20T10:24:29","slug":"politico-dominicano-alerta-sobre-desigualdades-sociales","status":"publish","type":"post","link":"https:\/\/primermomento.com\/?p=379938","title":{"rendered":"Pol\u00edtico dominicano alerta sobre desigualdades sociales"},"content":{"rendered":"\n<p>SANTO DOMINGO, Rep\u00fablica Dominicana.- El aspirante a la candidatura presidencial del Partido Revolucionario Moderno (PRM), Guido G\u00f3mez, alert\u00f3 hoy acerca de las desigualdades sociales existentes en la Rep\u00fablica Dominicana.<\/p>\n\n\n\n<p>Entrevistado en el canal Telesistema Canal 11, el pol\u00edtico se refiri\u00f3 al actual gobierno \u201cdel cambio\u201d, y advirti\u00f3 que el cambio no era pura y simple un eslogan de la campa\u00f1a electoral, sino un deseo de hacer transformaciones esenciales en el comportamiento econ\u00f3mico y social del pa\u00eds.<\/p>\n\n\n\n<p>La gente debe sentir en el est\u00f3mago y el bolsillo una mejor\u00eda sustancial, agreg\u00f3.<\/p>\n\n\n\n<p>Reconoci\u00f3 que la econom\u00eda del pa\u00eds experiment\u00f3 un crecimiento entre 4,6 y 4,9 por ciento del Producto Interno Bruto, pero acompa\u00f1ado de una inflaci\u00f3n de un ocho por ciento, contrario a la proyecci\u00f3n del Banco Central para el 2022 la cual era de un cuatro.<\/p>\n\n\n\n<p>Lo anterior, dijo, se traduce en una reducci\u00f3n fundamental del poder adquisitivo de los ciudadanos e invit\u00f3 a cualquier dominicano para que vaya a un mercado o supermercado y compruebe c\u00f3mo est\u00e1n los art\u00edculos de primera necesidad, los cuales han tenido un incremento de un 14,5 por ciento.<\/p>\n\n\n\n<p>Y en esa direcci\u00f3n, la mayor\u00eda de los dominicanos sienten el impacto de las pol\u00edticas inflacionarias pues en nuestra regi\u00f3n el concepto de inflaci\u00f3n nunca ha sido asociado al \u00e9xito econ\u00f3mico, sostuvo G\u00f3mez.<\/p>\n\n\n\n<p>Finalmente, expres\u00f3 como esta naci\u00f3n experimenta un proceso de profunda desigualdad desde hace 25 a\u00f1os y record\u00f3 un estudio del Banco efectuado en 1998, estableci\u00f3 que en el pa\u00eds el 10 por ciento de quienes ten\u00edan m\u00e1s ingresos concentraban el 34 de la riqueza, sin embargo, hoy, ese mismo por ciento concentran el 55.<\/p>\n\n\n\n<p class=\"has-text-align-right\"><em>PL<\/em><\/p>\n","protected":false},"excerpt":{"rendered":"<p>SANTO DOMINGO, Rep\u00fablica Dominicana.- El aspirante a la candidatura presidencial del Partido Revolucionario Moderno (PRM), Guido G\u00f3mez, alert\u00f3 hoy acerca de las desigualdades sociales existentes en la Rep\u00fablica Dominicana. Entrevistado en el canal Telesistema Canal 11, el pol\u00edtico se refiri\u00f3 al actual gobierno \u201cdel cambio\u201d, y advirti\u00f3 que el cambio no era pura y simple [&hellip;]<\/p>\n","protected":false},"author":1,"featured_media":329693,"comment_status":"open","ping_status":"open","sticky":false,"template":"","format":"standard","meta":{"_bbp_topic_count":0,"_bbp_reply_count":0,"_bbp_total_topic_count":0,"_bbp_total_reply_count":0,"_bbp_voice_count":0,"_bbp_anonymous_reply_count":0,"_bbp_topic_count_hidden":0,"_bbp_reply_count_hidden":0,"_bbp_forum_subforum_count":0,"footnotes":""},"categories":[109,31],"tags":[],"class_list":{"0":"post-379938","1":"post","2":"type-post","3":"status-publish","4":"format-standard","5":"has-post-thumbnail","7":"category-eleccion","8":"category-estados-unidos"},"_links":{"self":[{"href":"https:\/\/primermomento.com\/index.php?rest_route=\/wp\/v2\/posts\/379938","targetHints":{"allow":["GET"]}}],"collection":[{"href":"https:\/\/primermomento.com\/index.php?rest_route=\/wp\/v2\/posts"}],"about":[{"href":"https:\/\/primermomento.com\/index.php?rest_route=\/wp\/v2\/types\/post"}],"author":[{"embeddable":true,"href":"https:\/\/primermomento.com\/index.php?rest_route=\/wp\/v2\/users\/1"}],"replies":[{"embeddable":true,"href":"https:\/\/primermomento.com\/index.php?rest_route=%2Fwp%2Fv2%2Fcomments&post=379938"}],"version-history":[{"count":1,"href":"https:\/\/primermomento.com\/index.php?rest_route=\/wp\/v2\/posts\/379938\/revisions"}],"predecessor-version":[{"id":379939,"href":"https:\/\/primermomento.com\/index.php?rest_route=\/wp\/v2\/posts\/379938\/revisions\/379939"}],"wp:featuredmedia":[{"embeddable":true,"href":"https:\/\/primermomento.com\/index.php?rest_route=\/wp\/v2\/media\/329693"}],"wp:attachment":[{"href":"https:\/\/primermomento.com\/index.php?rest_route=%2Fwp%2Fv2%2Fmedia&parent=379938"}],"wp:term":[{"taxonomy":"category","embeddable":true,"href":"https:\/\/primermomento.com\/index.php?rest_route=%2Fwp%2Fv2%2Fcategories&post=379938"},{"taxonomy":"post_tag","embeddable":true,"href":"https:\/\/primermomento.com\/index.php?rest_route=%2Fwp%2Fv2%2Ftags&post=379938"}],"curies":[{"name":"wp","href":"https:\/\/api.w.org\/{rel}","templated":true}]}}