{"id":379943,"date":"2023-02-19T18:58:53","date_gmt":"2023-02-19T22:58:53","guid":{"rendered":"http:\/\/primermomento.com\/?p=379943"},"modified":"2023-02-20T06:21:57","modified_gmt":"2023-02-20T10:21:57","slug":"conmocion-tras-muerte-a-tiros-de-obispo-catolico-en-los-angeles-eeuu","status":"publish","type":"post","link":"https:\/\/primermomento.com\/?p=379943","title":{"rendered":"Conmoci\u00f3n tras muerte a tiros de obispo cat\u00f3lico en Los \u00c1ngeles, EEUU"},"content":{"rendered":"\n<p>LOS \u00c1NGELES, EEUU.- La comunidad religiosa de la ciudad estadounidense de Los \u00c1ngeles fue conmocionada por la muerte del obispo cat\u00f3lico David O\u2019Connell, de 69 a\u00f1os, cuyo asesinato a tiros investiga hoy la polic\u00eda de California.<\/p>\n\n\n\n<p>\u201cEs una conmoci\u00f3n y no tengo palabras para expresar mi tristeza\u00bb, expres\u00f3 el arzobispo de Los \u00c1ngeles, Jos\u00e9 H. G\u00f3mez en su comunicado, citado este domingo por el diario Politico.<\/p>\n\n\n\n<p>O\u2019Connell, quien ofici\u00f3 el sacerdocio por casi cinco d\u00e9cadas y era aclamado como un pacificador, fue baleado la v\u00edspera a pocas manzanas de una iglesia.<\/p>\n\n\n\n<p>El hecho se investiga como un homicidio, precis\u00f3 el Departamento del Sheriff del Condado de Los \u00c1ngeles, que no ofreci\u00f3 detalles del suceso, pero s\u00ed se\u00f1al\u00f3 que el o los autores del crimen siguen en libertad.<\/p>\n\n\n\n<p>O\u2019Connell, era natural de Irlanda, y el papa Francisco le hab\u00eda nombrado en 2015 como uno de los varios obispos auxiliares de la archidi\u00f3cesis de Los \u00c1ngeles, la mayor del pa\u00eds.<\/p>\n\n\n\n<p>Trabaj\u00f3 en el sur de esa urbe durante a\u00f1os y se centr\u00f3 en la lucha contra las pandillas, inform\u00f3 Angelus News.<\/p>\n\n\n\n<p>Tambi\u00e9n trat\u00f3 de negociar la paz entre los residentes y las fuerzas del orden a ra\u00edz de las violentas protestas de 1992 despu\u00e9s de que un jurado absolviera a cuatro polic\u00edas blancos de Los \u00c1ngeles que le propinaron una brutal paliza al afroamericano Rodney King, el 3 de marzo de 1991, record\u00f3 Politico.<\/p>\n\n\n\n<p>O\u2019Connell fue encontrado en Hacienda Heights \u2013donde viv\u00eda- sobre la una de la tarde de ayer con una herida de bala y los param\u00e9dicos lo declararon muerto en el lugar, dijo el Departamento del Sheriff.<\/p>\n\n\n\n<p>Las autoridades notificaron inicialmente la v\u00edspera que los detectives de homicidios hab\u00edan respondido a \u00abuna investigaci\u00f3n de muerte por disparos\u00bb con una v\u00edctima adulta masculina, pero<\/p>\n\n\n\n<p>no identificaron a la v\u00edctima como O\u2019Connell hasta esta ma\u00f1ana.<\/p>\n\n\n\n<p>\u00abEra un pacificador y ten\u00eda pasi\u00f3n por servir a los necesitados mientras mejoraba nuestra comunidad\u00bb, escribi\u00f3 el sheriff Robert Luna en Twitter.<\/p>\n\n\n\n<p class=\"has-text-align-right\"><em>PL<\/em><\/p>\n","protected":false},"excerpt":{"rendered":"<p>LOS \u00c1NGELES, EEUU.- La comunidad religiosa de la ciudad estadounidense de Los \u00c1ngeles fue conmocionada por la muerte del obispo cat\u00f3lico David O\u2019Connell, de 69 a\u00f1os, cuyo asesinato a tiros investiga hoy la polic\u00eda de California. \u201cEs una conmoci\u00f3n y no tengo palabras para expresar mi tristeza\u00bb, expres\u00f3 el arzobispo de Los \u00c1ngeles, Jos\u00e9 H. [&hellip;]<\/p>\n","protected":false},"author":1,"featured_media":379944,"comment_status":"open","ping_status":"open","sticky":false,"template":"","format":"standard","meta":{"_bbp_topic_count":0,"_bbp_reply_count":0,"_bbp_total_topic_count":0,"_bbp_total_reply_count":0,"_bbp_voice_count":0,"_bbp_anonymous_reply_count":0,"_bbp_topic_count_hidden":0,"_bbp_reply_count_hidden":0,"_bbp_forum_subforum_count":0,"footnotes":""},"categories":[109,61],"tags":[],"class_list":{"0":"post-379943","1":"post","2":"type-post","3":"status-publish","4":"format-standard","5":"has-post-thumbnail","7":"category-eleccion","8":"category-mundo"},"_links":{"self":[{"href":"https:\/\/primermomento.com\/index.php?rest_route=\/wp\/v2\/posts\/379943","targetHints":{"allow":["GET"]}}],"collection":[{"href":"https:\/\/primermomento.com\/index.php?rest_route=\/wp\/v2\/posts"}],"about":[{"href":"https:\/\/primermomento.com\/index.php?rest_route=\/wp\/v2\/types\/post"}],"author":[{"embeddable":true,"href":"https:\/\/primermomento.com\/index.php?rest_route=\/wp\/v2\/users\/1"}],"replies":[{"embeddable":true,"href":"https:\/\/primermomento.com\/index.php?rest_route=%2Fwp%2Fv2%2Fcomments&post=379943"}],"version-history":[{"count":1,"href":"https:\/\/primermomento.com\/index.php?rest_route=\/wp\/v2\/posts\/379943\/revisions"}],"predecessor-version":[{"id":379945,"href":"https:\/\/primermomento.com\/index.php?rest_route=\/wp\/v2\/posts\/379943\/revisions\/379945"}],"wp:featuredmedia":[{"embeddable":true,"href":"https:\/\/primermomento.com\/index.php?rest_route=\/wp\/v2\/media\/379944"}],"wp:attachment":[{"href":"https:\/\/primermomento.com\/index.php?rest_route=%2Fwp%2Fv2%2Fmedia&parent=379943"}],"wp:term":[{"taxonomy":"category","embeddable":true,"href":"https:\/\/primermomento.com\/index.php?rest_route=%2Fwp%2Fv2%2Fcategories&post=379943"},{"taxonomy":"post_tag","embeddable":true,"href":"https:\/\/primermomento.com\/index.php?rest_route=%2Fwp%2Fv2%2Ftags&post=379943"}],"curies":[{"name":"wp","href":"https:\/\/api.w.org\/{rel}","templated":true}]}}