{"id":379954,"date":"2023-02-19T16:45:00","date_gmt":"2023-02-19T20:45:00","guid":{"rendered":"http:\/\/primermomento.com\/?p=379954"},"modified":"2023-02-20T06:22:23","modified_gmt":"2023-02-20T10:22:23","slug":"minerd-y-cdp-convocan-el-premio-nacional-de-periodismo-2023","status":"publish","type":"post","link":"https:\/\/primermomento.com\/?p=379954","title":{"rendered":"Minerd y CDP convocan el Premio Nacional de Periodismo 2023"},"content":{"rendered":"\n<p>SANTO DOMINGO, Rep\u00fablica Dominicana.- El Ministerio de Educaci\u00f3n y el Colegio Dominicano de Periodistas convocaron hoy al Premio Nacional de Periodismo 2023.<\/p>\n\n\n\n<p>El galard\u00f3n, que incluye un Diploma de Reconocimiento y un premio en met\u00e1lico de un mill\u00f3n de pesos(unos 18 mil d\u00f3lares), ser\u00e1 entregado por el presidente de la Rep\u00fablica Dominicana, Luis Abinader, el pr\u00f3ximo 5 de abril, D\u00eda del Periodista. Seg\u00fan la convocatoria podr\u00e1n concurrir los periodistas con m\u00e1s de 10 a\u00f1os de ejercicio profesional, quienes avalar\u00e1n su trayectoria en el sector, as\u00ed como los cargos y responsabilidades ocupadas, labor docente en caso de tenerla y un curr\u00edculum vitae.<\/p>\n\n\n\n<p>El jurado est\u00e1 integrado por el Ministro de Educaci\u00f3n, el presidente del Colegio Dominicano de Periodistas, el de la Sociedad Dominicana de Diarios, la Direcci\u00f3n Ejecutiva de la Asociaci\u00f3n Dominicana de Radiodifusoras y el director del Departamento de Comunicaci\u00f3n Social de la Universidad Aut\u00f3noma de Santo Domingo.<\/p>\n\n\n\n<p>Tambi\u00e9n otros dos miembros escogidos por el Ministro de Educaci\u00f3n y un Secretario.<\/p>\n\n\n\n<p>Entre los ganadores del Premio est\u00e1n: Minerva Isa, Rafael N\u00fa\u00f1ez, Juan Bol\u00edvar, Margarita Cordero, Luis Eduardo Lora (Huchi), Rafael Santana, Miguel Franjul, Ram\u00f3n de Luna, Bonaparte Gratereaux, Carmenchu Brusiloff y Emilia Pereyra.<\/p>\n\n\n\n<p class=\"has-text-align-right\"><em>PL<\/em><\/p>\n","protected":false},"excerpt":{"rendered":"<p>SANTO DOMINGO, Rep\u00fablica Dominicana.- El Ministerio de Educaci\u00f3n y el Colegio Dominicano de Periodistas convocaron hoy al Premio Nacional de Periodismo 2023. El galard\u00f3n, que incluye un Diploma de Reconocimiento y un premio en met\u00e1lico de un mill\u00f3n de pesos(unos 18 mil d\u00f3lares), ser\u00e1 entregado por el presidente de la Rep\u00fablica Dominicana, Luis Abinader, el [&hellip;]<\/p>\n","protected":false},"author":1,"featured_media":305613,"comment_status":"open","ping_status":"open","sticky":false,"template":"","format":"standard","meta":{"_bbp_topic_count":0,"_bbp_reply_count":0,"_bbp_total_topic_count":0,"_bbp_total_reply_count":0,"_bbp_voice_count":0,"_bbp_anonymous_reply_count":0,"_bbp_topic_count_hidden":0,"_bbp_reply_count_hidden":0,"_bbp_forum_subforum_count":0,"footnotes":""},"categories":[30,109],"tags":[],"class_list":{"0":"post-379954","1":"post","2":"type-post","3":"status-publish","4":"format-standard","5":"has-post-thumbnail","7":"category-actualidad","8":"category-eleccion"},"_links":{"self":[{"href":"https:\/\/primermomento.com\/index.php?rest_route=\/wp\/v2\/posts\/379954","targetHints":{"allow":["GET"]}}],"collection":[{"href":"https:\/\/primermomento.com\/index.php?rest_route=\/wp\/v2\/posts"}],"about":[{"href":"https:\/\/primermomento.com\/index.php?rest_route=\/wp\/v2\/types\/post"}],"author":[{"embeddable":true,"href":"https:\/\/primermomento.com\/index.php?rest_route=\/wp\/v2\/users\/1"}],"replies":[{"embeddable":true,"href":"https:\/\/primermomento.com\/index.php?rest_route=%2Fwp%2Fv2%2Fcomments&post=379954"}],"version-history":[{"count":1,"href":"https:\/\/primermomento.com\/index.php?rest_route=\/wp\/v2\/posts\/379954\/revisions"}],"predecessor-version":[{"id":379955,"href":"https:\/\/primermomento.com\/index.php?rest_route=\/wp\/v2\/posts\/379954\/revisions\/379955"}],"wp:featuredmedia":[{"embeddable":true,"href":"https:\/\/primermomento.com\/index.php?rest_route=\/wp\/v2\/media\/305613"}],"wp:attachment":[{"href":"https:\/\/primermomento.com\/index.php?rest_route=%2Fwp%2Fv2%2Fmedia&parent=379954"}],"wp:term":[{"taxonomy":"category","embeddable":true,"href":"https:\/\/primermomento.com\/index.php?rest_route=%2Fwp%2Fv2%2Fcategories&post=379954"},{"taxonomy":"post_tag","embeddable":true,"href":"https:\/\/primermomento.com\/index.php?rest_route=%2Fwp%2Fv2%2Ftags&post=379954"}],"curies":[{"name":"wp","href":"https:\/\/api.w.org\/{rel}","templated":true}]}}