{"id":380346,"date":"2023-02-23T11:05:49","date_gmt":"2023-02-23T15:05:49","guid":{"rendered":"http:\/\/primermomento.com\/?p=380346"},"modified":"2023-02-23T19:36:44","modified_gmt":"2023-02-23T23:36:44","slug":"banl-tres-dias-de-duelo-municipal-por-muerte-de-roberto-serrano","status":"publish","type":"post","link":"https:\/\/primermomento.com\/?p=380346","title":{"rendered":"BAN\u013a | Tres d\u00edas de duelo municipal por muerte de Roberto Serrano"},"content":{"rendered":"\n<p>BAN\u013a, Rep\u00fablica Dominicana.- El Ayuntamiento de Ban\u00ed declar\u00f3 este jueves, mediante resoluci\u00f3n, tres d\u00edas de duelo municipal por la muerte del empresario y fundador de Peravia Industrial, Roberto Serrano Oms.<\/p>\n\n\n\n<p>La declaratoria de duelo, solicitada por el alcalde Santo Ram\u00edrez y la regidora Judith Peguero, entra en vigencia a partir de hoy jueves 23 hasta el s\u00e1bado 25 de febrero del 2023, de acuerdo con el art\u00edculo primero de la resoluci\u00f3n n\u00famero 03\/2023, emanada por el Concejo Edilicio, bajo la facultad que le otorga la Ley 176-07 del Distrito Nacional y los municipios.<\/p>\n\n\n\n<p>En ese sentido, la Bandera Municipal ondear\u00e1 a media asta, seg\u00fan lo establecido en el art\u00edculo segundo de la citada resoluci\u00f3n.<\/p>\n\n\n\n<p>Roberto Serrano Oms, fue un fiel colaborador de la Alcald\u00eda de Ban\u00ed, sirviendo de promotor de m\u00faltiples actividades sociales, culturales y deportivas.<\/p>\n","protected":false},"excerpt":{"rendered":"<p>BAN\u013a, Rep\u00fablica Dominicana.- El Ayuntamiento de Ban\u00ed declar\u00f3 este jueves, mediante resoluci\u00f3n, tres d\u00edas de duelo municipal por la muerte del empresario y fundador de Peravia Industrial, Roberto Serrano Oms. La declaratoria de duelo, solicitada por el alcalde Santo Ram\u00edrez y la regidora Judith Peguero, entra en vigencia a partir de hoy jueves 23 hasta [&hellip;]<\/p>\n","protected":false},"author":1,"featured_media":380347,"comment_status":"open","ping_status":"open","sticky":false,"template":"","format":"standard","meta":{"_bbp_topic_count":0,"_bbp_reply_count":0,"_bbp_total_topic_count":0,"_bbp_total_reply_count":0,"_bbp_voice_count":0,"_bbp_anonymous_reply_count":0,"_bbp_topic_count_hidden":0,"_bbp_reply_count_hidden":0,"_bbp_forum_subforum_count":0,"footnotes":""},"categories":[30,109],"tags":[],"class_list":{"0":"post-380346","1":"post","2":"type-post","3":"status-publish","4":"format-standard","5":"has-post-thumbnail","7":"category-actualidad","8":"category-eleccion"},"_links":{"self":[{"href":"https:\/\/primermomento.com\/index.php?rest_route=\/wp\/v2\/posts\/380346","targetHints":{"allow":["GET"]}}],"collection":[{"href":"https:\/\/primermomento.com\/index.php?rest_route=\/wp\/v2\/posts"}],"about":[{"href":"https:\/\/primermomento.com\/index.php?rest_route=\/wp\/v2\/types\/post"}],"author":[{"embeddable":true,"href":"https:\/\/primermomento.com\/index.php?rest_route=\/wp\/v2\/users\/1"}],"replies":[{"embeddable":true,"href":"https:\/\/primermomento.com\/index.php?rest_route=%2Fwp%2Fv2%2Fcomments&post=380346"}],"version-history":[{"count":2,"href":"https:\/\/primermomento.com\/index.php?rest_route=\/wp\/v2\/posts\/380346\/revisions"}],"predecessor-version":[{"id":380349,"href":"https:\/\/primermomento.com\/index.php?rest_route=\/wp\/v2\/posts\/380346\/revisions\/380349"}],"wp:featuredmedia":[{"embeddable":true,"href":"https:\/\/primermomento.com\/index.php?rest_route=\/wp\/v2\/media\/380347"}],"wp:attachment":[{"href":"https:\/\/primermomento.com\/index.php?rest_route=%2Fwp%2Fv2%2Fmedia&parent=380346"}],"wp:term":[{"taxonomy":"category","embeddable":true,"href":"https:\/\/primermomento.com\/index.php?rest_route=%2Fwp%2Fv2%2Fcategories&post=380346"},{"taxonomy":"post_tag","embeddable":true,"href":"https:\/\/primermomento.com\/index.php?rest_route=%2Fwp%2Fv2%2Ftags&post=380346"}],"curies":[{"name":"wp","href":"https:\/\/api.w.org\/{rel}","templated":true}]}}