{"id":380378,"date":"2023-02-23T03:50:00","date_gmt":"2023-02-23T07:50:00","guid":{"rendered":"http:\/\/primermomento.com\/?p=380378"},"modified":"2023-02-23T15:51:50","modified_gmt":"2023-02-23T19:51:50","slug":"listos-los-finalistas-del-festival-de-la-cancion-de-vina-del-mar","status":"publish","type":"post","link":"https:\/\/primermomento.com\/?p=380378","title":{"rendered":"Listos los finalistas del Festival de la Canci\u00f3n de Vi\u00f1a del Mar"},"content":{"rendered":"\n<p class=\"wp-block-paragraph\">SANTIAGO DE CHILE, Chile.- El jurado del Festival Internacional de Vi\u00f1a del Mar defini\u00f3 ya los finalistas en las competencias de canci\u00f3n internacional y folcl\u00f3rica del cita, que celebrar\u00e1 hoy su quinta noche en el anfiteatro de la Quinta Vergara.<\/p>\n\n\n\n<p class=\"wp-block-paragraph\">Tres competidores de cada una de las ramas actuar\u00e1n este jueves ante el jurado en la Ciudad Jard\u00edn y ma\u00f1ana, \u00faltima jornada, se dar\u00e1n a conocer a los ganadores de la Gaviota de Plata.<\/p>\n\n\n\n<p class=\"wp-block-paragraph\">Como aspirantes al primer lugar por la canci\u00f3n internacional estar\u00e1n el d\u00fao chileno Yorka, con el tema \u201cViento\u201d; la cantante guatemalteca Zelaya defender\u00e1 su producci\u00f3n \u201cComo pueda\u201d; y el mexicano Ely Blancarte interpretar\u00e1 \u201cAfter Party\u201d.<\/p>\n\n\n\n<p class=\"wp-block-paragraph\">Chile tambi\u00e9n pas\u00f3 a la final de la competencia folcl\u00f3rica gracias al tr\u00edo femenino Laia y su canci\u00f3n \u201cCamino\u201d, que enfrentar\u00e1 al representante de la llamada nueva ranchera mexicana, Frank Di, con \u201cLa \u00faltima gota\u201d; y la peruana Milena Warthon con \u201cWarmisitay\u201d.<\/p>\n\n\n\n<p class=\"wp-block-paragraph\">Durante la cuarta jornada del festival que, igual a las anteriores, se extendi\u00f3 hasta las primeras horas del d\u00eda siguiente, brill\u00f3 el compositor y cantante argentino Fito P\u00e1ez, quien ovacionado por el p\u00fablico extendi\u00f3 su programa m\u00e1s all\u00e1 de lo previsto.<\/p>\n\n\n\n<p class=\"wp-block-paragraph\">\u201cEl amor despu\u00e9s del amor\u00bb, \u00abAl lado del camino\u00bb, \u00abUn vestido de amor\u00bb y \u00abMariposa Technicolor\u00bb, fueron algunos de los temas coreados por los asistentes, cuyos aplausos le concedieron las Gaviotas de Plata y Oro.<\/p>\n\n\n\n<p class=\"wp-block-paragraph\">El Festival Internacional de la Canci\u00f3n de Vi\u00f1a del Mar es el m\u00e1s antiguo y uno de los m\u00e1s importantes de la regi\u00f3n y abri\u00f3 de nuevo sus puertas luego de una pausa obligada de dos a\u00f1os por la pandemia de la Covid-19.<\/p>\n\n\n\n<p class=\"has-text-align-right wp-block-paragraph\"><em>PL<\/em><\/p>\n","protected":false},"excerpt":{"rendered":"<p>SANTIAGO DE CHILE, Chile.- El jurado del Festival Internacional de Vi\u00f1a del Mar defini\u00f3 ya los finalistas en las competencias de canci\u00f3n internacional y folcl\u00f3rica del cita, que celebrar\u00e1 hoy su quinta noche en el anfiteatro de la Quinta Vergara. Tres competidores de cada una de las ramas actuar\u00e1n este jueves ante el jurado en [&hellip;]<\/p>\n","protected":false},"author":1,"featured_media":380379,"comment_status":"open","ping_status":"open","sticky":false,"template":"","format":"standard","meta":{"_bbp_topic_count":0,"_bbp_reply_count":0,"_bbp_total_topic_count":0,"_bbp_total_reply_count":0,"_bbp_voice_count":0,"_bbp_anonymous_reply_count":0,"_bbp_topic_count_hidden":0,"_bbp_reply_count_hidden":0,"_bbp_forum_subforum_count":0,"footnotes":""},"categories":[39],"tags":[],"class_list":["post-380378","post","type-post","status-publish","format-standard","has-post-thumbnail","category-entretenimiento"],"_links":{"self":[{"href":"https:\/\/primermomento.com\/index.php?rest_route=\/wp\/v2\/posts\/380378","targetHints":{"allow":["GET"]}}],"collection":[{"href":"https:\/\/primermomento.com\/index.php?rest_route=\/wp\/v2\/posts"}],"about":[{"href":"https:\/\/primermomento.com\/index.php?rest_route=\/wp\/v2\/types\/post"}],"author":[{"embeddable":true,"href":"https:\/\/primermomento.com\/index.php?rest_route=\/wp\/v2\/users\/1"}],"replies":[{"embeddable":true,"href":"https:\/\/primermomento.com\/index.php?rest_route=%2Fwp%2Fv2%2Fcomments&post=380378"}],"version-history":[{"count":1,"href":"https:\/\/primermomento.com\/index.php?rest_route=\/wp\/v2\/posts\/380378\/revisions"}],"predecessor-version":[{"id":380380,"href":"https:\/\/primermomento.com\/index.php?rest_route=\/wp\/v2\/posts\/380378\/revisions\/380380"}],"wp:featuredmedia":[{"embeddable":true,"href":"https:\/\/primermomento.com\/index.php?rest_route=\/wp\/v2\/media\/380379"}],"wp:attachment":[{"href":"https:\/\/primermomento.com\/index.php?rest_route=%2Fwp%2Fv2%2Fmedia&parent=380378"}],"wp:term":[{"taxonomy":"category","embeddable":true,"href":"https:\/\/primermomento.com\/index.php?rest_route=%2Fwp%2Fv2%2Fcategories&post=380378"},{"taxonomy":"post_tag","embeddable":true,"href":"https:\/\/primermomento.com\/index.php?rest_route=%2Fwp%2Fv2%2Ftags&post=380378"}],"curies":[{"name":"wp","href":"https:\/\/api.w.org\/{rel}","templated":true}]}}