{"id":380397,"date":"2023-02-23T18:32:11","date_gmt":"2023-02-23T22:32:11","guid":{"rendered":"http:\/\/primermomento.com\/?p=380397"},"modified":"2023-02-23T18:38:59","modified_gmt":"2023-02-23T22:38:59","slug":"el-legado-dejado-por-don-roberto-serrano-oms-fundador-y-presidente-de-peravia-industrial","status":"publish","type":"post","link":"https:\/\/primermomento.com\/?p=380397","title":{"rendered":"BAN\u013a | El legado dejado por don Roberto Serrano Oms, fundador y presidente de Peravia Industrial"},"content":{"rendered":"\n<ul class=\"wp-block-list\">\n<li><strong>El fundador y presidente del Consejo de Administraci\u00f3n de Peravia Industrial S.A falleci\u00f3 a la edad de 85 a\u00f1os en la ciudad de Weston, Florida.\u00a0<\/strong><\/li>\n<\/ul>\n\n\n\n<p>SANTO DOMINGO, Rep\u00fablica Dominicana.- El fundador y presidente del Consejo de Administraci\u00f3n de Peravia Industrial S.A, don Roberto Serrano Oms, falleci\u00f3 a la edad de 85 a\u00f1os en la ciudad de Weston, Florida.<\/p>\n\n\n\n<p>Don Roberto, como cari\u00f1osamente le dec\u00edan sus amigos, colaboradores y relacionados fue un empresario dedicado durante toda su vida a la actividad agr\u00edcola, al desarrollo de tecnolog\u00edas para incrementar la producci\u00f3n del campo y en la industrializaci\u00f3n de rubros agr\u00edcolas que permitieron la producci\u00f3n y comercializaci\u00f3n de marcas tan importantes como La Famosa, Jaj\u00e1 y otras.&nbsp;<\/p>\n\n\n\n<p>Con un trato afable para todo el mundo, logr\u00f3 cultivar grandes afectos con agricultores, jornaleros, ingenieros y con todas las personas que de alguna manera ten\u00edan contacto con \u00e9l. Don Roberto, incansable ser humano que desde sus inicios, disfrut\u00f3 a plenitud su trabajo durante su trayectoria de vida, dejando un gran legado para sus hijos y para las generaciones presentes y futuras.\u00a0<\/p>\n\n\n\n<p><a href=\"http:\/\/primermomento.com\/?p=380346\">BAN\u013a | Tres d\u00edas de duelo municipal por muerte de Roberto Serrano<\/a><\/p>\n\n\n\n<p><a href=\"http:\/\/primermomento.com\/?p=380288\">BAN\u013a | Regidora pedir\u00e1 tres d\u00edas de duelo por la muerte de empresario<\/a><\/p>\n\n\n\n<p><\/p>\n\n\n\n<p>Junto a su exitosa actividad empresarial, don Roberto, con gran esp\u00edritu de solidaridad, entrega y arraigada fe cristiana, ha contribuido con innumerables causas sociales, en pro del desarrollo de las provincias de Peravia y Azua. Sus grandes aportes en el campo de los deportes, culturales, religiosos y sociales.<\/p>\n\n\n\n<p>Debido a esto, a lo largo de su vida fue reconocido por sus aportes a instituciones religiosas, deportivas, culturales y otras de la sociedad. As\u00ed mismo instituciones p\u00fablicas y privadas dedicadas a la actividad productiva y comercial del pa\u00eds, reconocieron su valioso apoyo a la agroindustria nacional, muy especialmente relacionado al cultivo e industrializaci\u00f3n del tomate, ma\u00edz y gandules, siendo adem\u00e1s exaltado en el Pabell\u00f3n de los Inmortales del deporte de la provincia Peravia como propulsor, lugar donde le fue otorgado el escudo de la ciudad y declarado hijo adoptivo.<\/p>\n\n\n\n<p>Don Roberto Serrano Oms, fue un adalid de la producci\u00f3n nacional y un defensor eterno de la agricultura dominicana, sobre la cual cre\u00eda que era la mejor opci\u00f3n que ten\u00edan los gobiernos para garantizar la seguridad alimentaria.<\/p>\n\n\n\n<p>Peravia Industrial es una empresa familiar, netamente dominicana, fundada por don Roberto en Ban\u00ed en el a\u00f1o 1963, que produce, entre otras marcas, <strong>La Famosa<\/strong>. En el a\u00f1o 1969, empez\u00f3 a implementar una metodolog\u00eda agr\u00edcola, con asesor\u00eda t\u00e9cnica internacional, para capacitar al personal local y a los agricultores de la zona, formando a trav\u00e9s de los a\u00f1os un equipo de expertos que garantizar\u00edan el \u00e9xito de cada una de las zafras agr\u00edcolas programadas, logrando as\u00ed su expansi\u00f3n.<\/p>\n\n\n\n<p>A partir del a\u00f1o 2013, ampl\u00eda su programa de producci\u00f3n integrando a Jaja Agroindustrial SRL, empresa dominicana de gran trayectoria en el sector de los c\u00e1rnicos y embutidos enlatados y en 2016, adquiere la marca Valenciana.<\/p>\n\n\n\n<p>Actualmente, Peravia agroindustrial es una empresa l\u00edder en la distribuci\u00f3n de productos de consumo masivo a nivel nacional, y cuenta con dos plantas de producci\u00f3n y cinco centros de distribuci\u00f3n, empleando m\u00e1s de 3,000 colaboradores en las \u00e1reas agr\u00edcola, industrial y de comercializaci\u00f3n, ofreciendo al consumidor m\u00e1s de 200 productos reconocidos por su alta calidad, consolid\u00e1ndose como una marca pa\u00eds referente para todos los dominicanos por m\u00e1s de 60 a\u00f1os.<\/p>\n\n\n\n<p>La pasi\u00f3n de don Roberto, su ingenio y creatividad seguir\u00e1n vivos a trav\u00e9s de sus familiares y colaboradores, a quienes siempre estimul\u00f3 a cultivar valores como la confianza y el trabajo en equipo, haci\u00e9ndolos parte fundamental del desarrollo de sus actividades.<\/p>\n\n\n\n<p>A don Roberto le sobreviven su esposa do\u00f1a Francelia Pimentel y sus hijos, Margarita, Roberto, Virginia y Jos\u00e9, y ser\u00e1 recordado entre sus allegados como un hombre noble, sencillo, humilde, afable, conciliador y sincero.<\/p>\n\n\n\n<p><strong>Acerca de Peravia Industrial<\/strong><\/p>\n\n\n\n<p>Peravia Industrial S. A. fue fundada en el a\u00f1o 1963 por don Roberto Serrano Oms.<br>A partir de un exitoso portafolio de productos bajo la marca LA FAMOSA, la empresa logra r\u00e1pidamente colocarse en el gusto de los dominicanos ocupando una posici\u00f3n de liderazgo. Hoy d\u00eda, cuenta con m\u00e1s de 200 productos, distribuidos a nivel nacional desde tres importantes centros de distribuci\u00f3n, ubicados en Santo Domingo, Santiago y Ban\u00ed. Su planta de producci\u00f3n, una de las m\u00e1s importantes y modernas del \u00e1rea del Caribe, est\u00e1 ubicada en la ciudad de Ban\u00ed y sus fincas y plantaciones se encuentran diseminadas en las provincias de Peravia, San Crist\u00f3bal y Azua.<br><br><strong><\/strong><\/p>\n","protected":false},"excerpt":{"rendered":"<p>SANTO DOMINGO, Rep\u00fablica Dominicana.- El fundador y presidente del Consejo de Administraci\u00f3n de Peravia Industrial S.A, don Roberto Serrano Oms, falleci\u00f3 a la edad de 85 a\u00f1os en la ciudad de Weston, Florida. Don Roberto, como cari\u00f1osamente le dec\u00edan sus amigos, colaboradores y relacionados fue un empresario dedicado durante toda su vida a la actividad [&hellip;]<\/p>\n","protected":false},"author":1,"featured_media":380400,"comment_status":"open","ping_status":"open","sticky":false,"template":"","format":"standard","meta":{"_bbp_topic_count":0,"_bbp_reply_count":0,"_bbp_total_topic_count":0,"_bbp_total_reply_count":0,"_bbp_voice_count":0,"_bbp_anonymous_reply_count":0,"_bbp_topic_count_hidden":0,"_bbp_reply_count_hidden":0,"_bbp_forum_subforum_count":0,"footnotes":""},"categories":[30],"tags":[],"class_list":{"0":"post-380397","1":"post","2":"type-post","3":"status-publish","4":"format-standard","5":"has-post-thumbnail","7":"category-actualidad"},"_links":{"self":[{"href":"https:\/\/primermomento.com\/index.php?rest_route=\/wp\/v2\/posts\/380397","targetHints":{"allow":["GET"]}}],"collection":[{"href":"https:\/\/primermomento.com\/index.php?rest_route=\/wp\/v2\/posts"}],"about":[{"href":"https:\/\/primermomento.com\/index.php?rest_route=\/wp\/v2\/types\/post"}],"author":[{"embeddable":true,"href":"https:\/\/primermomento.com\/index.php?rest_route=\/wp\/v2\/users\/1"}],"replies":[{"embeddable":true,"href":"https:\/\/primermomento.com\/index.php?rest_route=%2Fwp%2Fv2%2Fcomments&post=380397"}],"version-history":[{"count":3,"href":"https:\/\/primermomento.com\/index.php?rest_route=\/wp\/v2\/posts\/380397\/revisions"}],"predecessor-version":[{"id":380403,"href":"https:\/\/primermomento.com\/index.php?rest_route=\/wp\/v2\/posts\/380397\/revisions\/380403"}],"wp:featuredmedia":[{"embeddable":true,"href":"https:\/\/primermomento.com\/index.php?rest_route=\/wp\/v2\/media\/380400"}],"wp:attachment":[{"href":"https:\/\/primermomento.com\/index.php?rest_route=%2Fwp%2Fv2%2Fmedia&parent=380397"}],"wp:term":[{"taxonomy":"category","embeddable":true,"href":"https:\/\/primermomento.com\/index.php?rest_route=%2Fwp%2Fv2%2Fcategories&post=380397"},{"taxonomy":"post_tag","embeddable":true,"href":"https:\/\/primermomento.com\/index.php?rest_route=%2Fwp%2Fv2%2Ftags&post=380397"}],"curies":[{"name":"wp","href":"https:\/\/api.w.org\/{rel}","templated":true}]}}