{"id":380600,"date":"2023-02-25T08:36:00","date_gmt":"2023-02-25T12:36:00","guid":{"rendered":"http:\/\/primermomento.com\/?p=380600"},"modified":"2023-02-25T09:39:44","modified_gmt":"2023-02-25T13:39:44","slug":"cantante-ana-gabriel-lleva-canciones-de-amor-a-los-angeles","status":"publish","type":"post","link":"https:\/\/primermomento.com\/?p=380600","title":{"rendered":"Cantante Ana Gabriel lleva canciones de amor a Los \u00c1ngeles"},"content":{"rendered":"\n<p class=\"wp-block-paragraph\">LOS \u00c1NGELES, EEUU.- La famosa cantante mexicana Ana Gabriel se presentar\u00e1 hoy y ma\u00f1ana en el Kia Forum de la ciudad estadounidense de Los \u00c1ngeles con su esperado espect\u00e1culo \u201cPor Amor a Ustedes Tour\u201d.<\/p>\n\n\n\n<p class=\"wp-block-paragraph\">Con su voz fuerte y ronca, la int\u00e9rprete de rancheras, pop r\u00edtmico y rom\u00e1ntico, tiene previsto un repertorio que incluye sus grandes \u00e9xitos musicales, sobre todo con temas dedicados al amor, seg\u00fan comunic\u00f3 la llamada Diva de Am\u00e9rica.<\/p>\n\n\n\n<p class=\"wp-block-paragraph\">La cantautora y empresaria Mar\u00eda Guadalupe Araujo Yong (67 a\u00f1os), conocida art\u00edsticamente como Ana Gabriel, ha recibido 13 premios Lo nuestro, Billboard y Grammy Latinos, entre otros. Tambi\u00e9n ha ganado diversos discos de diamante, oro y platino de la industria fonogr\u00e1fica.<\/p>\n\n\n\n<p class=\"wp-block-paragraph\">Durante su carrera profesional, ha grabado a d\u00fao con artistas como Armando Manzanero, Pedro Fern\u00e1ndez, Yuri, Pl\u00e1cido Domingo, Jos\u00e9 Feliciano, Jon Secada, Roc\u00edo Jurado, Vicky Carr, Vicente Fern\u00e1ndez, Juan Gabriel, Marc Anthony y Jos\u00e9 Luis Perales.<\/p>\n\n\n\n<p class=\"wp-block-paragraph\">Qui\u00e9n como t\u00fa es considerado su principal \u00e9xito musical, al que se unen Simplemente amigos, No te hago falta, Cosas del amor, Como olvidar, T\u00fa lo decidiste, Es demasiado tarde, Me equivoqu\u00e9 contigo y Soledad.<\/p>\n\n\n\n<p class=\"has-text-align-right wp-block-paragraph\"><em>PL<\/em><\/p>\n","protected":false},"excerpt":{"rendered":"<p>LOS \u00c1NGELES, EEUU.- La famosa cantante mexicana Ana Gabriel se presentar\u00e1 hoy y ma\u00f1ana en el Kia Forum de la ciudad estadounidense de Los \u00c1ngeles con su esperado espect\u00e1culo \u201cPor Amor a Ustedes Tour\u201d. Con su voz fuerte y ronca, la int\u00e9rprete de rancheras, pop r\u00edtmico y rom\u00e1ntico, tiene previsto un repertorio que incluye sus [&hellip;]<\/p>\n","protected":false},"author":1,"featured_media":380601,"comment_status":"open","ping_status":"open","sticky":false,"template":"","format":"standard","meta":{"_bbp_topic_count":0,"_bbp_reply_count":0,"_bbp_total_topic_count":0,"_bbp_total_reply_count":0,"_bbp_voice_count":0,"_bbp_anonymous_reply_count":0,"_bbp_topic_count_hidden":0,"_bbp_reply_count_hidden":0,"_bbp_forum_subforum_count":0,"footnotes":""},"categories":[39],"tags":[],"class_list":["post-380600","post","type-post","status-publish","format-standard","has-post-thumbnail","category-entretenimiento"],"_links":{"self":[{"href":"https:\/\/primermomento.com\/index.php?rest_route=\/wp\/v2\/posts\/380600","targetHints":{"allow":["GET"]}}],"collection":[{"href":"https:\/\/primermomento.com\/index.php?rest_route=\/wp\/v2\/posts"}],"about":[{"href":"https:\/\/primermomento.com\/index.php?rest_route=\/wp\/v2\/types\/post"}],"author":[{"embeddable":true,"href":"https:\/\/primermomento.com\/index.php?rest_route=\/wp\/v2\/users\/1"}],"replies":[{"embeddable":true,"href":"https:\/\/primermomento.com\/index.php?rest_route=%2Fwp%2Fv2%2Fcomments&post=380600"}],"version-history":[{"count":1,"href":"https:\/\/primermomento.com\/index.php?rest_route=\/wp\/v2\/posts\/380600\/revisions"}],"predecessor-version":[{"id":380602,"href":"https:\/\/primermomento.com\/index.php?rest_route=\/wp\/v2\/posts\/380600\/revisions\/380602"}],"wp:featuredmedia":[{"embeddable":true,"href":"https:\/\/primermomento.com\/index.php?rest_route=\/wp\/v2\/media\/380601"}],"wp:attachment":[{"href":"https:\/\/primermomento.com\/index.php?rest_route=%2Fwp%2Fv2%2Fmedia&parent=380600"}],"wp:term":[{"taxonomy":"category","embeddable":true,"href":"https:\/\/primermomento.com\/index.php?rest_route=%2Fwp%2Fv2%2Fcategories&post=380600"},{"taxonomy":"post_tag","embeddable":true,"href":"https:\/\/primermomento.com\/index.php?rest_route=%2Fwp%2Fv2%2Ftags&post=380600"}],"curies":[{"name":"wp","href":"https:\/\/api.w.org\/{rel}","templated":true}]}}