{"id":380799,"date":"2023-02-27T14:26:00","date_gmt":"2023-02-27T18:26:00","guid":{"rendered":"http:\/\/primermomento.com\/?p=380799"},"modified":"2023-02-28T06:34:51","modified_gmt":"2023-02-28T10:34:51","slug":"presidente-hemos-ejecutado-ambicioso-plan-de-rescate-en-materia-cultural","status":"publish","type":"post","link":"https:\/\/primermomento.com\/?p=380799","title":{"rendered":"Presidente Abinader: Hemos ejecutado ambicioso plan de rescate en materia cultural"},"content":{"rendered":"\n<p class=\"wp-block-paragraph\">SANTO DOMINGO, Rep\u00fablica Dominicana.- El presidente Luis Abinader manifest\u00f3 este lunes en la Asamblea Nacional que en materia cultural, en estos tres a\u00f1os de gobierno, se ha emprendido un ambicioso plan de rescate, restauraci\u00f3n y conservaci\u00f3n de diversas instalaciones, tales como: escuelas de arte, museos, salas de espect\u00e1culos y centros culturales.<\/p>\n\n\n\n<p class=\"wp-block-paragraph\">Precis\u00f3 que a la fecha se invirti\u00f3 un total de casi RD 53 millones en la intervenci\u00f3n de 9 espacios culturales distribuidos en la provincia de Santo Domingo, San Pedro de Macor\u00eds y Santiago.<\/p>\n\n\n\n<p class=\"wp-block-paragraph\">23 intervenciones de espacios culturales<\/p>\n\n\n\n<p class=\"wp-block-paragraph\">Indic\u00f3, adem\u00e1s, que se encuentran en proceso de ejecuci\u00f3n un total de 23 intervenciones de espacios culturales con una inversi\u00f3n de RD 560 millones en las provincias de Santo Domingo, Santiago, Puerto Plata, El\u00edas Pi\u00f1a y La Altagracia.<\/p>\n\n\n\n<p class=\"wp-block-paragraph\">Dentro de estos proyectos, destac\u00f3 el mandatario la inversi\u00f3n en la Plaza de la Cultura, en la cual se ejecutan proyectos con una inversi\u00f3n superior a los RD 76 millones enfocados en la rehabilitaci\u00f3n y acondicionamiento de sus \u00e1reas verdes, iluminaci\u00f3n, fuentes, creaci\u00f3n de espacios de esparcimiento y de servicios como ba\u00f1os p\u00fablicos.<\/p>\n\n\n\n<p class=\"wp-block-paragraph\">Las palabras del jefe del Estado fueron pronunciadas durante su alocuci\u00f3n ante la Asamblea Nacional, al conmemorarse el 179 aniversario de la Independencia Nacional.<\/p>\n\n\n\n<p class=\"wp-block-paragraph\"><strong>Relanzamiento de la plaza de la cultura<\/strong><\/p>\n\n\n\n<p class=\"wp-block-paragraph\">\u201cEn el marco del relanzamiento de la Plaza de la Cultura, fue realizada la habilitaci\u00f3n del Museo del Hombre Dominicano, que hab\u00eda permanecido cerrado por un per\u00edodo de cuatro a\u00f1os\u201d, indic\u00f3 el mandatario.<\/p>\n\n\n\n<p class=\"wp-block-paragraph\">De igual forma, sostuvo que se habilit\u00f3 el Museo Nacional de Historia y Geograf\u00eda, que estuvo cerrado desde el a\u00f1o 2005, con una inversi\u00f3n de m\u00e1s de 20 millones de pesos.<\/p>\n\n\n\n<p class=\"wp-block-paragraph\">\u201cEstas inversiones han permitido que por primera vez en 17 a\u00f1os todos los espacios de la Plaza de la Cultura est\u00e9n abiertos a la vez, para el disfrute de los dominicanos y dominicanas\u201d.<\/p>\n\n\n\n<p class=\"wp-block-paragraph\">Aumento de las visitas a los museos<\/p>\n\n\n\n<p class=\"wp-block-paragraph\">En materia de museos, los programas y proyectos que se han implementado desde esta gesti\u00f3n han generado cifras r\u00e9cords de asistencia, al haber aumentado la cantidad de visitantes a los museos habilitados en el pa\u00eds. De 592,637, registrados en el a\u00f1o 2018 se pas\u00f3 a 895,208 registrados en el a\u00f1o 2022, lo cual representa un incremento de un 51.6 %.<\/p>\n\n\n\n<p class=\"wp-block-paragraph\">\u201cAfianzando el compromiso de esta gesti\u00f3n para fortalecer y reconocer el talento joven dominicano, as\u00ed como contribuir a la aceleraci\u00f3n de la econom\u00eda naranja en la Rep\u00fablica Dominicana, se firm\u00f3 un acuerdo de cooperaci\u00f3n internacional con el mundialmente famoso Berklee College of Music\u201d, precis\u00f3.<\/p>\n\n\n\n<p class=\"wp-block-paragraph\">El jefe del Estado subray\u00f3 que esto es con el objetivo de homologar la carga acad\u00e9mica de los estudiantes en diferentes \u00e1reas musicales para convalidar estos los programas con los dos primeros a\u00f1os de formaci\u00f3n en esta universidad estadounidense.<\/p>\n\n\n\n<p class=\"wp-block-paragraph\">\u201cGracias a una importante alianza con el sector privado, en enero de este a\u00f1o fue firmado en el Conservatorio Nacional de M\u00fasica y el programa Berklee en Santo Domingo, con la participaci\u00f3n durante toda una semana de 199 estudiantes en distintos programas, resultando en 29 becas otorgadas diversas disciplinas musicales, con una inversi\u00f3n de RD 130 millones\u201d, apunt\u00f3.<\/p>\n\n\n\n<p class=\"wp-block-paragraph\">En cuanto al cine, el gobernante dijo que se filmaron el pasado a\u00f1o 125 pel\u00edculas (65 extranjeras y 60 nacionales) que movieron en la econom\u00eda m\u00e1s de RD 15,000 millones.<\/p>\n","protected":false},"excerpt":{"rendered":"<p>SANTO DOMINGO, Rep\u00fablica Dominicana.- El presidente Luis Abinader manifest\u00f3 este lunes en la Asamblea Nacional que en materia cultural, en estos tres a\u00f1os de gobierno, se ha emprendido un ambicioso plan de rescate, restauraci\u00f3n y conservaci\u00f3n de diversas instalaciones, tales como: escuelas de arte, museos, salas de espect\u00e1culos y centros culturales. Precis\u00f3 que a la [&hellip;]<\/p>\n","protected":false},"author":1,"featured_media":380800,"comment_status":"open","ping_status":"open","sticky":false,"template":"","format":"standard","meta":{"_bbp_topic_count":0,"_bbp_reply_count":0,"_bbp_total_topic_count":0,"_bbp_total_reply_count":0,"_bbp_voice_count":0,"_bbp_anonymous_reply_count":0,"_bbp_topic_count_hidden":0,"_bbp_reply_count_hidden":0,"_bbp_forum_subforum_count":0,"footnotes":""},"categories":[39],"tags":[],"class_list":["post-380799","post","type-post","status-publish","format-standard","has-post-thumbnail","category-entretenimiento"],"_links":{"self":[{"href":"https:\/\/primermomento.com\/index.php?rest_route=\/wp\/v2\/posts\/380799","targetHints":{"allow":["GET"]}}],"collection":[{"href":"https:\/\/primermomento.com\/index.php?rest_route=\/wp\/v2\/posts"}],"about":[{"href":"https:\/\/primermomento.com\/index.php?rest_route=\/wp\/v2\/types\/post"}],"author":[{"embeddable":true,"href":"https:\/\/primermomento.com\/index.php?rest_route=\/wp\/v2\/users\/1"}],"replies":[{"embeddable":true,"href":"https:\/\/primermomento.com\/index.php?rest_route=%2Fwp%2Fv2%2Fcomments&post=380799"}],"version-history":[{"count":2,"href":"https:\/\/primermomento.com\/index.php?rest_route=\/wp\/v2\/posts\/380799\/revisions"}],"predecessor-version":[{"id":380851,"href":"https:\/\/primermomento.com\/index.php?rest_route=\/wp\/v2\/posts\/380799\/revisions\/380851"}],"wp:featuredmedia":[{"embeddable":true,"href":"https:\/\/primermomento.com\/index.php?rest_route=\/wp\/v2\/media\/380800"}],"wp:attachment":[{"href":"https:\/\/primermomento.com\/index.php?rest_route=%2Fwp%2Fv2%2Fmedia&parent=380799"}],"wp:term":[{"taxonomy":"category","embeddable":true,"href":"https:\/\/primermomento.com\/index.php?rest_route=%2Fwp%2Fv2%2Fcategories&post=380799"},{"taxonomy":"post_tag","embeddable":true,"href":"https:\/\/primermomento.com\/index.php?rest_route=%2Fwp%2Fv2%2Ftags&post=380799"}],"curies":[{"name":"wp","href":"https:\/\/api.w.org\/{rel}","templated":true}]}}