{"id":380809,"date":"2023-02-27T15:48:38","date_gmt":"2023-02-27T19:48:38","guid":{"rendered":"http:\/\/primermomento.com\/?p=380809"},"modified":"2023-02-27T21:06:04","modified_gmt":"2023-02-28T01:06:04","slug":"presidente-anuncia-anuncia-nuevas-reformas-institucionales","status":"publish","type":"post","link":"https:\/\/primermomento.com\/?p=380809","title":{"rendered":"Presidente Luis Abinader Anuncia nuevas reformas institucionales"},"content":{"rendered":"\n<p>El presidente Luis Abinader anunci\u00f3 hoy durante su rendici\u00f3n de cuentas, a prop\u00f3sito del aniversario 179 de la independencia dominicana, nuevas reformas institucionales para el pa\u00eds.<\/p>\n\n\n\n<p>Entre las nuevas reformas enunciadas por el mandatario est\u00e1n los proyectos de ley de reforma de la Contralor\u00eda, el de la creaci\u00f3n del Ministerio de Justicia y un grupo de leyes que servir\u00e1n para combatir de manera m\u00e1s eficiente la criminalidad organizada.<\/p>\n\n\n\n<p>Tambi\u00e9n anunci\u00f3 nuevas obras de infraestructura, siendo una de las m\u00e1s importantes el telef\u00e9rico de Los Alcarrizos en esta capital, el cual ser\u00e1 inaugurado en marzo.<\/p>\n\n\n\n<p>Respecto a la ampliaci\u00f3n de la l\u00ednea 1 del Metro, afirm\u00f3 que estar\u00e1 lista a mediados de este a\u00f1o y la extensi\u00f3n de la l\u00ednea 2-C a Los Alcarrizos concluir\u00e1 a finales de 2024.<\/p>\n\n\n\n<p>Por otra parte, el jefe de Estado convoc\u00f3 el Comit\u00e9 Nacional de Salarios con el objetivo de lograr un aumento en los sueldos dentro del sector privado por encima de la inflaci\u00f3n acumulada desde el \u00faltimo aumento.<\/p>\n\n\n\n<p>En cuanto a la econom\u00eda asegur\u00f3 haber reducido en 2022 los pagos de intereses de la deuda p\u00fablica \u201cgracias a la apreciaci\u00f3n de nuestra moneda y de la operaci\u00f3n de manejo de pasivos\u201d.<\/p>\n\n\n\n<p>Confirm\u00f3 que en agosto de 2020, cuando asumi\u00f3 la presidencia, la deuda consolidada respecto al Producto Interno Bruto era del 61 por ciento y al cierre de 2022 ese indicador fue del 59,1.<\/p>\n\n\n\n<p>Sobre el precio de los combustibles, expres\u00f3 que se destinaron m\u00e1s de 38 mil millones de pesos (678 millones de d\u00f3lares) para su subsidio.<\/p>\n\n\n\n<p>Para amortiguar el alza en productos de consumo masivo, expandir los programas sociales focalizados y apoyar las operaciones del sector el\u00e9ctrico y la producci\u00f3n agr\u00edcola, fueron destinados m\u00e1s de 87 mil millones de pesos (mil 500 millones d\u00f3lares), especific\u00f3.<\/p>\n\n\n\n<p>Al hablar sobre la seguridad en el pa\u00eds, admiti\u00f3 que en comparaci\u00f3n con 2021, en el pasado a\u00f1o aumentaron los homicidios por conflictos sociales, as\u00ed como los robos de motocicletas y veh\u00edculos.<\/p>\n\n\n\n<p>Plante\u00f3 que el 60 por ciento de los homicidios producidos en la Rep\u00fablica Dominicana se deben a conflictos violentos entre ciudadanos.<\/p>\n\n\n\n<p>\u201cEl gobierno no es ajeno a la preocupaci\u00f3n de los dominicanos ante el aumento desde el final de la pandemia de algunos de los delitos m\u00e1s graves, y est\u00e1 trabajando para revertir esta situaci\u00f3n\u201d, sostuvo.<\/p>\n\n\n\n<p>Con respecto a la reforma policial especific\u00f3 que se implement\u00f3 en cuatro \u00e1reas de la capital, logrando un descenso medio del 60 por ciento en los \u00edndices de delitos en las zonas afectadas, cuesti\u00f3n cuestionada por no pocos ciudadanos.<\/p>\n\n\n\n<p>Pero admiti\u00f3 que no se pueden cambiar en meses los problemas de ocho d\u00e9cadas al llamar a cambiar por completo el sistema mediante la formaci\u00f3n y la educaci\u00f3n de la polic\u00eda.<\/p>\n\n\n\n<p class=\"has-text-align-right\"><em>PL<\/em><\/p>\n","protected":false},"excerpt":{"rendered":"<p>El presidente Luis Abinader anunci\u00f3 hoy durante su rendici\u00f3n de cuentas, a prop\u00f3sito del aniversario 179 de la independencia dominicana, nuevas reformas institucionales para el pa\u00eds. Entre las nuevas reformas enunciadas por el mandatario est\u00e1n los proyectos de ley de reforma de la Contralor\u00eda, el de la creaci\u00f3n del Ministerio de Justicia y un grupo [&hellip;]<\/p>\n","protected":false},"author":1,"featured_media":305956,"comment_status":"open","ping_status":"open","sticky":false,"template":"","format":"standard","meta":{"_bbp_topic_count":0,"_bbp_reply_count":0,"_bbp_total_topic_count":0,"_bbp_total_reply_count":0,"_bbp_voice_count":0,"_bbp_anonymous_reply_count":0,"_bbp_topic_count_hidden":0,"_bbp_reply_count_hidden":0,"_bbp_forum_subforum_count":0,"footnotes":""},"categories":[30,109],"tags":[],"class_list":{"0":"post-380809","1":"post","2":"type-post","3":"status-publish","4":"format-standard","5":"has-post-thumbnail","7":"category-actualidad","8":"category-eleccion"},"_links":{"self":[{"href":"https:\/\/primermomento.com\/index.php?rest_route=\/wp\/v2\/posts\/380809","targetHints":{"allow":["GET"]}}],"collection":[{"href":"https:\/\/primermomento.com\/index.php?rest_route=\/wp\/v2\/posts"}],"about":[{"href":"https:\/\/primermomento.com\/index.php?rest_route=\/wp\/v2\/types\/post"}],"author":[{"embeddable":true,"href":"https:\/\/primermomento.com\/index.php?rest_route=\/wp\/v2\/users\/1"}],"replies":[{"embeddable":true,"href":"https:\/\/primermomento.com\/index.php?rest_route=%2Fwp%2Fv2%2Fcomments&post=380809"}],"version-history":[{"count":2,"href":"https:\/\/primermomento.com\/index.php?rest_route=\/wp\/v2\/posts\/380809\/revisions"}],"predecessor-version":[{"id":380811,"href":"https:\/\/primermomento.com\/index.php?rest_route=\/wp\/v2\/posts\/380809\/revisions\/380811"}],"wp:featuredmedia":[{"embeddable":true,"href":"https:\/\/primermomento.com\/index.php?rest_route=\/wp\/v2\/media\/305956"}],"wp:attachment":[{"href":"https:\/\/primermomento.com\/index.php?rest_route=%2Fwp%2Fv2%2Fmedia&parent=380809"}],"wp:term":[{"taxonomy":"category","embeddable":true,"href":"https:\/\/primermomento.com\/index.php?rest_route=%2Fwp%2Fv2%2Fcategories&post=380809"},{"taxonomy":"post_tag","embeddable":true,"href":"https:\/\/primermomento.com\/index.php?rest_route=%2Fwp%2Fv2%2Ftags&post=380809"}],"curies":[{"name":"wp","href":"https:\/\/api.w.org\/{rel}","templated":true}]}}