{"id":380845,"date":"2023-02-27T15:59:00","date_gmt":"2023-02-27T19:59:00","guid":{"rendered":"http:\/\/primermomento.com\/?p=380845"},"modified":"2023-02-27T21:05:42","modified_gmt":"2023-02-28T01:05:42","slug":"abinader-dice-reforma-y-transformacion-de-la-pn-seguira-avanzando-en-este-2023","status":"publish","type":"post","link":"https:\/\/primermomento.com\/?p=380845","title":{"rendered":"Abinader dice reforma y transformaci\u00f3n de la PN seguir\u00e1 avanzando en este 2023"},"content":{"rendered":"\n<p>SANTO DOMINGO, Rep\u00fablica Dominicana.- El presidente Luis Abinader dijo que la reforma y transformaci\u00f3n de la Polic\u00eda Nacional seguir\u00e1 avanzando en este 2023, y resalt\u00f3 los esfuerzos encaminados a garantizar la seguridad ciudadana y la mejora de la calidad de vida de los agentes.<\/p>\n\n\n\n<p>Al hablar ante los miembros de la Asamblea Nacional, en el Congreso Nacional, en su tercer informe de rendici\u00f3n de cuentas de las principales ejecutorias del pasado a\u00f1o, el mandatario se\u00f1al\u00f3 que no se puede cambiar en meses los problemas de ocho d\u00e9cadas.<\/p>\n\n\n\n<p>Dijo comprender que los dominicanos quieren resultados inmediatos, pero la \u00fanica manera de cambiar por completo el sistema es mediante la formaci\u00f3n y la educaci\u00f3n de la polic\u00eda. Se\u00f1al\u00f3 que eso toma tiempo y es lo \u00fanico que garantiza la reforma.<\/p>\n\n\n\n<p>En ese contexto, destac\u00f3 que esta reforma se basa en tres aspectos b\u00e1sicos: el cumplimiento de la ley, la lucha contra la corrupci\u00f3n y la mejora de las condiciones de vida de los agentes y de sus capacidades profesionales.<\/p>\n\n\n\n<p>Respecto de las condiciones de vida de los polic\u00edas, el mandatario resalt\u00f3 el aumento que ha alcanzado en su salario m\u00ednimo m\u00e1s de RD 26,000 pesos al mes.<\/p>\n\n\n\n<p>Tambi\u00e9n, adelant\u00f3 que, dando cumplimiento a su promesa, se incrementar\u00e1n de nuevo los salarios de los Polic\u00edas en otro 20 % en el segundo trimestre de este a\u00f1o y en el \u00faltimo trimestre volver\u00e1n a aumentarse hasta que todos los polic\u00edas cobren un m\u00ednimo equivalente a 500 d\u00f3lares al mes.<\/p>\n\n\n\n<p>La mejora del seguro m\u00e9dico, expuso, es otro de los logros de esta reforma, donde hoy todos los polic\u00edas disfrutan de un buen seguro de salud y cuentan con bonos vivienda, con descuentos en las cadenas de supermercados m\u00e1s importantes del pa\u00eds, transporte gratis en OMSA y el metro.<\/p>\n\n\n\n<p>Adem\u00e1s, acceso a becas estudiantiles, programas de formaci\u00f3n continua y cr\u00e9ditos familiares para cubrir necesidades personales, entre otros beneficios, incluido el ingl\u00e9s por inmersi\u00f3n para POLITUR.<\/p>\n\n\n\n<p>Inform\u00f3 que, durante el pasado 2022 el gobierno procedi\u00f3 a la compra de 672 veh\u00edculos, 785 motores, 346 juegos de c\u00e1maras para veh\u00edculos de vigilancia policial y equipos computacionales para 110 destacamentos, adem\u00e1s de iniciar la construcci\u00f3n de 106 nuevos cuarteles y el remozamiento de otros 61.<\/p>\n\n\n\n<p>De igual forma, explic\u00f3, se han iniciado los inventarios patrimoniales de la Polic\u00eda Nacional que abarcan desde las piezas de veh\u00edculos de la flota hasta el registro de bienes inmuebles, y est\u00e1 en marcha toda la digitalizaci\u00f3n documental de la Instituci\u00f3n, la mejora de las capacidades de interconexi\u00f3n de las comunicaciones y la modernizaci\u00f3n de la gesti\u00f3n de las n\u00f3minas.<\/p>\n\n\n\n<p><strong>Por primera vez se realizan auditor\u00edas internas de forma sistem\u00e1tica<\/strong><\/p>\n\n\n\n<p>El Presidente Abinader resalt\u00f3 que 2022 tambi\u00e9n ha sido el a\u00f1o en el que, por primera vez en los 86 de vida que tiene la Instituci\u00f3n, se han comenzado a realizar, de forma sistem\u00e1tica, auditor\u00edas internas, tanto de car\u00e1cter financiero como de control de procesos.<\/p>\n\n\n\n<p>Comunic\u00f3 que el director de la Polic\u00eda ya ha solicitado una auditor\u00eda contable y financiera del a\u00f1o 2022 a la c\u00e1mara de cuentas y que la contralor\u00eda tambi\u00e9n har\u00e1 la suya.<\/p>\n\n\n\n<p>\u201cY en operaciones policiales, el esfuerzo reformador no ha sido menor. Empezando por las estad\u00edsticas, por primera vez tenemos estad\u00edsticas confiables, rigurosas y continuas donde una nueva sistematizaci\u00f3n, basada en las denuncias, nos permite establecer la incidencia delictiva diariamente y desplegar, en todo el pa\u00eds, el patrullaje preventivo de la polic\u00eda seg\u00fan los mapas de calor en tiempo real, que describen el fen\u00f3meno delincuencial en funci\u00f3n de la posici\u00f3n georreferenciada, el d\u00eda, la hora y el tipo de delito\u201d, indic\u00f3.<\/p>\n\n\n\n<p>Precis\u00f3 que, usando este nuevo sistema de medici\u00f3n y seguimiento, desde junio de 2022 el operativo conjunto entre la Polic\u00eda Nacional, las Fuerzas Armadas y la DNCD ha permitido que en 2022 la incidencia del crimen en las calles haya bajado un 7 % respecto del 2021.<\/p>\n\n\n\n<p>\u201cPero, aunque este dato sea bueno de por s\u00ed, debemos, sin embargo, matizarlo. Las cifras de incidencia, desagregadas por tipo de delito, nos hacen ver que los homicidios por delincuencia y aquellos relacionados con conflictos de tipo social han sufrido, en ambos casos, un incremento\u201d, agreg\u00f3.<\/p>\n\n\n\n<p>Expuso que este es un fen\u00f3meno no exclusivo de Rep\u00fablica Dominicana y que, tanto en EE. UU. como en Europa, tras el encierro del COVID se ha dado un incremente importante en la criminalidad, pero en los \u00faltimos dos meses del a\u00f1o pasado y el primero de este, est\u00e1 comenzando a disminuir en el pa\u00eds.<\/p>\n\n\n\n<p>Respecto del a\u00f1o 2021, apunt\u00f3, los homicidios por delincuencia bajaron un 2 %, pero los de conflicto social aumentaron un 7 % y hoy, un 60 % de los homicidios que se producen en la Rep\u00fablica Dominicana se deben a conflictos violentos entre ciudadanos.<\/p>\n\n\n\n<p>En el rengl\u00f3n correspondiente a robos y atracos, se\u00f1al\u00f3, los robos a motocicletas y veh\u00edculos han aumentado respecto del a\u00f1o 2021 un 19 y un 21 %, respectivamente. Pero en lo referente a asaltos, arrebatos, hurtos y roturas la disminuci\u00f3n respecto de 2021 es de un 4 %, un 14 %, un 9 % y un 14 %, respectivamente.<\/p>\n\n\n\n<p><strong>Gobierno trabaja para revertir aumento de delitos pospandemia<\/strong><\/p>\n\n\n\n<p>\u201cEl gobierno no es ajeno a la preocupaci\u00f3n de los dominicanos ante el aumento desde el final de la pandemia de algunos de los delitos m\u00e1s graves, y est\u00e1 trabajando para revertir esta situaci\u00f3n, pero si comparamos la incidencia criminal con la de hace 5 a\u00f1os, veremos que el nivel de delincuencia ha bajado un 11 % y si comparamos con las cifras de hace 10 a\u00f1os, la ca\u00edda es del 45 %\u201d, resalt\u00f3 el jefe de Estado.<\/p>\n\n\n\n<p>El gobernante revel\u00f3 que el sistema de patrullaje por cuadrantes iniciado hace unos meses, y que ya se ha implementado en cuatro \u00e1reas de la capital, ha supuesto un descenso medio del 60 % en los \u00edndices de delitos en las zonas afectadas y que para diciembre de 2023 este sistema estar\u00e1 implantado, como m\u00ednimo, en el gran Santo Domingo, San Crist\u00f3bal y Santiago de los caballeros.<\/p>\n\n\n\n<p>Adem\u00e1s, explic\u00f3, la nueva estructura de denuncias presenciales y virtuales, con 37 nuevas oficinas de recepci\u00f3n abiertas en 2022, hasta alcanzar las 154, ha permitido gestionar m\u00e1s de 436,000 expedientes, casi un 19 % m\u00e1s que en 2021.<\/p>\n\n\n\n<p>En otro orden, destac\u00f3 que en 2022 la DICRIM ha resuelto m\u00e1s de un 70 % de los hechos delictivos en menos de una semana.<\/p>\n\n\n\n<p><strong>Importancia de la reforma educativa de la Polic\u00eda<\/strong><\/p>\n\n\n\n<p>\u201cEstoy plenamente convencido de la importancia de la reforma educativa de la Polic\u00eda. Sin ella no habr\u00e1 una verdadera transformaci\u00f3n ni reforma\u201d, manifest\u00f3.<\/p>\n\n\n\n<p>Y agreg\u00f3 el Presidente Abinader, \u00abAqu\u00ed se encuentran los miembros del grupo de trabajo de la comisi\u00f3n, Mu-Kien Adriana Sang Ben, Gregorio Montero, Eladio Uribe, Miguel Escala, Radhames Garc\u00eda, Elena Viyella de Paliza y Rafael Osvaldo Santana, que durante este a\u00f1o han trabajado duro, de manera desinteresada y poniendo su prestigio y su saber al servicio de esta transformaci\u00f3n educativa de la polic\u00eda. Hoy quiero reconocer su trabajo y pido un aplauso para todos ellos.\u00bb<\/p>\n\n\n\n<p>El primer mandatario inform\u00f3 que en 2022 se graduaron 906 rasos y se espera que en este a\u00f1o se inicie la formaci\u00f3n de 3,000 nuevos miembros y que ahora, y gracias a la reforma, la formaci\u00f3n de los polic\u00edas pasa de 3 meses a 7 meses.<\/p>\n\n\n\n<p>Adem\u00e1s, apunt\u00f3, se ha iniciado el proceso de formaci\u00f3n continua con 1,400 cursos en dos a\u00f1os dirigidos a la totalidad de los polic\u00edas en servicio, lo que dijo, es un hecho sin precedentes.<\/p>\n\n\n\n<p>Agreg\u00f3 que, a mediados de a\u00f1o se iniciar\u00e1n los programas de formaci\u00f3n de polic\u00eda en los dos nuevos campus de R\u00edo San Juan y Boca Chica, y adelant\u00f3 que se ha convenido con el Ministerio de Educaci\u00f3n la puesta en marcha, a partir del pr\u00f3ximo a\u00f1o escolar, del Bachillerato en Seguridad, que supondr\u00e1 la generaci\u00f3n de una cantera de j\u00f3venes que podr\u00e1n iniciar con mayor preparaci\u00f3n previa la carrera policial.<\/p>\n\n\n\n<p><strong>Pol\u00edtica de mano de hierro contra el tr\u00e1fico de drogas y sus redes<\/strong><\/p>\n\n\n\n<p>\u201cSabemos que, para tener un pa\u00eds seguro debemos combatir todas las formas de delincuencia y especialmente las m\u00e1s organizadas. Por eso, estamos llevando a cabo una pol\u00edtica de mano de hierro contra el tr\u00e1fico de drogas y sus redes\u201d, asegur\u00f3 el jefe de Estado.<\/p>\n\n\n\n<p>Abinader expres\u00f3 que bajo este gobierno se han incautado un promedio de 37 toneladas de droga cada a\u00f1o, frente a las 7 toneladas anuales que se requisaron entre 2004 y 2020 y se han detenido a m\u00e1s de 31,000 personas relacionadas con el narcotr\u00e1fico.<\/p>\n\n\n\n<p><strong>Oportunidad 14-24<\/strong><\/p>\n\n\n\n<p>Asegur\u00f3 que, en paralelo a la lucha contra las drogas y la delincuencia en las calles y barrios, es necesario que all\u00ed tambi\u00e9n lleguen las oportunidades, por lo que se ha creado Oportunidad 14-24 para los llamados ni-ni, los j\u00f3venes que ni estudian ni trabajan, de edades comprendidas entre los 14 y los 24 a\u00f1os.<\/p>\n\n\n\n<p>A ellos, dijo, les est\u00e1n ofreciendo soluciones socioeducativas formales e informales y esquemas asistenciales para que aprendan habilidades que les permitan un desarrollo humano que mejore su calidad de vida.<\/p>\n\n\n\n<p>\u201cEste programa educativo-t\u00e9cnico va dirigido a los j\u00f3venes m\u00e1s vulnerables, con un mensaje: Para este gobierno ustedes son necesarios y creemos en sus capacidades\u201d, sostuvo.<\/p>\n\n\n\n<p>En solo dos a\u00f1os, resalt\u00f3, se han creado 103 instalaciones para ejecutar el programa Oportunidad 14-24, distribuidas por todo el pa\u00eds, porque no solo con represi\u00f3n se lucha contra la delincuencia y la marginalidad, tambi\u00e9n con oportunidades y educaci\u00f3n.<\/p>\n","protected":false},"excerpt":{"rendered":"<p>SANTO DOMINGO, Rep\u00fablica Dominicana.- El presidente Luis Abinader dijo que la reforma y transformaci\u00f3n de la Polic\u00eda Nacional seguir\u00e1 avanzando en este 2023, y resalt\u00f3 los esfuerzos encaminados a garantizar la seguridad ciudadana y la mejora de la calidad de vida de los agentes. Al hablar ante los miembros de la Asamblea Nacional, en el [&hellip;]<\/p>\n","protected":false},"author":1,"featured_media":380846,"comment_status":"open","ping_status":"open","sticky":false,"template":"","format":"standard","meta":{"_bbp_topic_count":0,"_bbp_reply_count":0,"_bbp_total_topic_count":0,"_bbp_total_reply_count":0,"_bbp_voice_count":0,"_bbp_anonymous_reply_count":0,"_bbp_topic_count_hidden":0,"_bbp_reply_count_hidden":0,"_bbp_forum_subforum_count":0,"footnotes":""},"categories":[30,109],"tags":[],"class_list":{"0":"post-380845","1":"post","2":"type-post","3":"status-publish","4":"format-standard","5":"has-post-thumbnail","7":"category-actualidad","8":"category-eleccion"},"_links":{"self":[{"href":"https:\/\/primermomento.com\/index.php?rest_route=\/wp\/v2\/posts\/380845","targetHints":{"allow":["GET"]}}],"collection":[{"href":"https:\/\/primermomento.com\/index.php?rest_route=\/wp\/v2\/posts"}],"about":[{"href":"https:\/\/primermomento.com\/index.php?rest_route=\/wp\/v2\/types\/post"}],"author":[{"embeddable":true,"href":"https:\/\/primermomento.com\/index.php?rest_route=\/wp\/v2\/users\/1"}],"replies":[{"embeddable":true,"href":"https:\/\/primermomento.com\/index.php?rest_route=%2Fwp%2Fv2%2Fcomments&post=380845"}],"version-history":[{"count":1,"href":"https:\/\/primermomento.com\/index.php?rest_route=\/wp\/v2\/posts\/380845\/revisions"}],"predecessor-version":[{"id":380847,"href":"https:\/\/primermomento.com\/index.php?rest_route=\/wp\/v2\/posts\/380845\/revisions\/380847"}],"wp:featuredmedia":[{"embeddable":true,"href":"https:\/\/primermomento.com\/index.php?rest_route=\/wp\/v2\/media\/380846"}],"wp:attachment":[{"href":"https:\/\/primermomento.com\/index.php?rest_route=%2Fwp%2Fv2%2Fmedia&parent=380845"}],"wp:term":[{"taxonomy":"category","embeddable":true,"href":"https:\/\/primermomento.com\/index.php?rest_route=%2Fwp%2Fv2%2Fcategories&post=380845"},{"taxonomy":"post_tag","embeddable":true,"href":"https:\/\/primermomento.com\/index.php?rest_route=%2Fwp%2Fv2%2Ftags&post=380845"}],"curies":[{"name":"wp","href":"https:\/\/api.w.org\/{rel}","templated":true}]}}