{"id":380918,"date":"2023-02-28T14:30:15","date_gmt":"2023-02-28T18:30:15","guid":{"rendered":"http:\/\/primermomento.com\/?p=380918"},"modified":"2023-02-28T14:30:17","modified_gmt":"2023-02-28T18:30:17","slug":"lopez-obrador-espera-condena-a-capo-en-eeuu-para-ver-casos-de-calderon-y-fox","status":"publish","type":"post","link":"https:\/\/primermomento.com\/?p=380918","title":{"rendered":"L\u00f3pez Obrador espera condena a capo en EEUU para ver casos de Calder\u00f3n y Fox"},"content":{"rendered":"\n<p>CIUDAD DE M\u00c9XICO, M\u00e9xico.- El presidente de M\u00e9xico, Andr\u00e9s Manuel L\u00f3pez Obrador, insisti\u00f3 hoy en esperar la sentencia en Estados Unidos a Genaro Garc\u00eda Luna para ver sus v\u00ednculos con los expresidentes Vicente Fox y Felipe Calder\u00f3n.<\/p>\n\n\n\n<p>En su conferencia de prensa matutina en el Palacio Nacional, el mandatario trat\u00f3 a fondo el tema al ser preguntado si con los elementos ya revelados en el juicio en Nueva York al exsecretario de Seguridad P\u00fablica era suficiente para encausar ya a Fox (2000-2006) y a Calder\u00f3n (2006-2012) quienes lo emplearon y auparon.<\/p>\n\n\n\n<p>L\u00f3pez Obrador pidi\u00f3 esperar porque hasta junio es que se har\u00e1 la sentencia y de acuerdo con las leyes de Estados Unidos el fiscal puede acudir a mecanismos para que Garc\u00eda Luna hable como testigo protegido a cambio de reducir a\u00f1os de condena.<\/p>\n\n\n\n<p>Dijo que existe la informaci\u00f3n, que \u00e9l la posee y sabe que es valiosa, y si habla ser\u00eda un buen servicio al pa\u00eds, independientemente de que se beneficie con una reducci\u00f3n de la pena, pero que explique cu\u00e1l fue su relaci\u00f3n con los Gobiernos de Fox y Calder\u00f3n, los expresidentes del Partido Acci\u00f3n Nacional.<\/p>\n\n\n\n<p>Insisti\u00f3 en que no descarta esa posibilidad porque existen los mecanismos y a Garc\u00eda Luna lo condenar\u00e1n a 20 a\u00f1os de prisi\u00f3n como m\u00ednimo y hasta cadena perpetua y no le quedar\u00e1 m\u00e1s remedio que decidir qu\u00e9 hace y si habla ser\u00eda muy bueno para el Gobierno y la justicia de Estados Unidos y de M\u00e9xico y de nuestros pueblos.<\/p>\n\n\n\n<p>Por tanto, ejemplific\u00f3, si un ladr\u00f3n com\u00fan y corriente es castigado, uno que, adem\u00e1s, es servidor p\u00fablico debe ser doblemente sancionado porque adem\u00e1s de delinquir incumple su compromiso de servir a los dem\u00e1s.<\/p>\n\n\n\n<p>Garc\u00eda Luna deber\u00eda revelar qu\u00e9 relaci\u00f3n mantuvo con la Fiscal\u00eda, con quienes estaban en los sexenios panistas de Fox y Calder\u00f3n, c\u00f3mo llega a esos cargos, c\u00f3mo y por qu\u00e9 lo nombran secretario de Seguridad y asciende hasta llegar a ser brazo derecho de este \u00faltimo.<\/p>\n\n\n\n<p>De igual manera revelar de lo que sab\u00eda y ha aceptado un encargado de la embajada de Estados Unidos en M\u00e9xico que incluso fungi\u00f3 de embajador, y su relaci\u00f3n con las agencias como la antinarc\u00f3ticos DEA, la Central de Inteligencia y otras y por qu\u00e9 en el juicio no se habl\u00f3 de nada de eso, que los premiaron all\u00e1 y que trabajaba con ellos de manera coordinada, expres\u00f3 el mandatario.<\/p>\n\n\n\n<p>Dijo que con todo eso tiene que ver el operativo de R\u00e1pido y Furioso, un plan mediocre para entregar armas a sectores del narcotr\u00e1fico bajo la argucia incre\u00edble de que estaban supuestamente dotadas de sensores para rastrar a las bandas del crimen organizado como si estas no supieran de lo que se trataba cuando ten\u00edan el control hasta del aeropuerto principal de M\u00e9xico como ya se demostr\u00f3.<\/p>\n\n\n\n<p>Es ingenuo hacer creer que los narcotraficantes no se fueran a enterar de que los fusiles y otras armas ten\u00edan sensores de localizaci\u00f3n cuando ellos hab\u00edan infiltrado todas las instituciones, las altas esferas del gobierno y la Polic\u00eda Federal. Por tanto, no es solo Garc\u00eda Luna, sino la presidencia del pa\u00eds.<\/p>\n\n\n\n<p class=\"has-text-align-right\"><em>PL<\/em><\/p>\n","protected":false},"excerpt":{"rendered":"<p>CIUDAD DE M\u00c9XICO, M\u00e9xico.- El presidente de M\u00e9xico, Andr\u00e9s Manuel L\u00f3pez Obrador, insisti\u00f3 hoy en esperar la sentencia en Estados Unidos a Genaro Garc\u00eda Luna para ver sus v\u00ednculos con los expresidentes Vicente Fox y Felipe Calder\u00f3n. En su conferencia de prensa matutina en el Palacio Nacional, el mandatario trat\u00f3 a fondo el tema al [&hellip;]<\/p>\n","protected":false},"author":1,"featured_media":380919,"comment_status":"open","ping_status":"open","sticky":false,"template":"","format":"standard","meta":{"_bbp_topic_count":0,"_bbp_reply_count":0,"_bbp_total_topic_count":0,"_bbp_total_reply_count":0,"_bbp_voice_count":0,"_bbp_anonymous_reply_count":0,"_bbp_topic_count_hidden":0,"_bbp_reply_count_hidden":0,"_bbp_forum_subforum_count":0,"footnotes":""},"categories":[61],"tags":[],"class_list":{"0":"post-380918","1":"post","2":"type-post","3":"status-publish","4":"format-standard","5":"has-post-thumbnail","7":"category-mundo"},"_links":{"self":[{"href":"https:\/\/primermomento.com\/index.php?rest_route=\/wp\/v2\/posts\/380918","targetHints":{"allow":["GET"]}}],"collection":[{"href":"https:\/\/primermomento.com\/index.php?rest_route=\/wp\/v2\/posts"}],"about":[{"href":"https:\/\/primermomento.com\/index.php?rest_route=\/wp\/v2\/types\/post"}],"author":[{"embeddable":true,"href":"https:\/\/primermomento.com\/index.php?rest_route=\/wp\/v2\/users\/1"}],"replies":[{"embeddable":true,"href":"https:\/\/primermomento.com\/index.php?rest_route=%2Fwp%2Fv2%2Fcomments&post=380918"}],"version-history":[{"count":1,"href":"https:\/\/primermomento.com\/index.php?rest_route=\/wp\/v2\/posts\/380918\/revisions"}],"predecessor-version":[{"id":380920,"href":"https:\/\/primermomento.com\/index.php?rest_route=\/wp\/v2\/posts\/380918\/revisions\/380920"}],"wp:featuredmedia":[{"embeddable":true,"href":"https:\/\/primermomento.com\/index.php?rest_route=\/wp\/v2\/media\/380919"}],"wp:attachment":[{"href":"https:\/\/primermomento.com\/index.php?rest_route=%2Fwp%2Fv2%2Fmedia&parent=380918"}],"wp:term":[{"taxonomy":"category","embeddable":true,"href":"https:\/\/primermomento.com\/index.php?rest_route=%2Fwp%2Fv2%2Fcategories&post=380918"},{"taxonomy":"post_tag","embeddable":true,"href":"https:\/\/primermomento.com\/index.php?rest_route=%2Fwp%2Fv2%2Ftags&post=380918"}],"curies":[{"name":"wp","href":"https:\/\/api.w.org\/{rel}","templated":true}]}}