{"id":381047,"date":"2023-03-01T07:10:00","date_gmt":"2023-03-01T11:10:00","guid":{"rendered":"http:\/\/primermomento.com\/?p=381047"},"modified":"2023-03-01T17:54:51","modified_gmt":"2023-03-01T21:54:51","slug":"justin-bieber-cancela-decenas-de-conciertos-de-su-gira-mundial","status":"publish","type":"post","link":"https:\/\/primermomento.com\/?p=381047","title":{"rendered":"Justin Bieber cancela decenas de conciertos de su gira mundial"},"content":{"rendered":"\n<p class=\"wp-block-paragraph\">WASHINGTON, EEUU.- El cantante canadiense Justin Bieber cancel\u00f3 definitivamente decenas de conciertos restantes de su gira Justice World Tour, aunque todav\u00eda hoy no est\u00e1 oficialmente confirmado el cese.<\/p>\n\n\n\n<p class=\"wp-block-paragraph\">El artista y sus representantes no han publicado comentarios ni razones de la suspensi\u00f3n, pero en el sitio web de la compa\u00f1\u00eda de boletos Ticketmaster todos los conciertos previstos para Estados Unidos, Irlanda, Francia, Polonia, Australia, Dinamarca y la Rep\u00fablica Checa se muestran como cancelados.<\/p>\n\n\n\n<p class=\"wp-block-paragraph\">Ocurre lo mismo con el espect\u00e1culo de Bieber en Bangkok, Tailandia, seg\u00fan el organizador del evento Live Nation Tero, de acuerdo con reporte de CNN.<\/p>\n\n\n\n<p class=\"wp-block-paragraph\">La gira Justice World Tour comenz\u00f3 en 2022 y sufri\u00f3 retrasos debido a la pandemia de Covid-19, luego Bieber anunci\u00f3 que deb\u00eda posponerla porque estaba luchando contra el S\u00edndrome de Ramsay Hunt, raro padecimiento que puede causar par\u00e1lisis facial y p\u00e9rdida auditiva en el o\u00eddo afectado.<\/p>\n\n\n\n<p class=\"wp-block-paragraph\">Tras pocas actuaciones el int\u00e9rprete canadiense dijo que deb\u00eda hacer una parada porque su salud es \u00abprioritaria\u201d y necesitaba tomarse un tiempo para descansar y mejorar.<\/p>\n\n\n\n<p class=\"wp-block-paragraph\">A principios de este a\u00f1o salt\u00f3 la noticia de que Bieber hab\u00eda vendido los derechos de su cat\u00e1logo musical, lo que levant\u00f3 especulaciones sobre una posible temprana retirada.<\/p>\n\n\n\n<p class=\"wp-block-paragraph\">Hoy en redes sociales los Beliebers, como se les conoce a los seguidores de la estrella, lamentaron la noticia de cancelaci\u00f3n del resto de las presentaciones de la gira mundial y expresaron al artista sus deseos de pronta recuperaci\u00f3n.<\/p>\n\n\n\n<p class=\"has-text-align-right wp-block-paragraph\"><em>PL<\/em><\/p>\n","protected":false},"excerpt":{"rendered":"<p>WASHINGTON, EEUU.- El cantante canadiense Justin Bieber cancel\u00f3 definitivamente decenas de conciertos restantes de su gira Justice World Tour, aunque todav\u00eda hoy no est\u00e1 oficialmente confirmado el cese. El artista y sus representantes no han publicado comentarios ni razones de la suspensi\u00f3n, pero en el sitio web de la compa\u00f1\u00eda de boletos Ticketmaster todos los [&hellip;]<\/p>\n","protected":false},"author":1,"featured_media":381048,"comment_status":"open","ping_status":"open","sticky":false,"template":"","format":"standard","meta":{"_bbp_topic_count":0,"_bbp_reply_count":0,"_bbp_total_topic_count":0,"_bbp_total_reply_count":0,"_bbp_voice_count":0,"_bbp_anonymous_reply_count":0,"_bbp_topic_count_hidden":0,"_bbp_reply_count_hidden":0,"_bbp_forum_subforum_count":0,"footnotes":""},"categories":[39],"tags":[],"class_list":["post-381047","post","type-post","status-publish","format-standard","has-post-thumbnail","category-entretenimiento"],"_links":{"self":[{"href":"https:\/\/primermomento.com\/index.php?rest_route=\/wp\/v2\/posts\/381047","targetHints":{"allow":["GET"]}}],"collection":[{"href":"https:\/\/primermomento.com\/index.php?rest_route=\/wp\/v2\/posts"}],"about":[{"href":"https:\/\/primermomento.com\/index.php?rest_route=\/wp\/v2\/types\/post"}],"author":[{"embeddable":true,"href":"https:\/\/primermomento.com\/index.php?rest_route=\/wp\/v2\/users\/1"}],"replies":[{"embeddable":true,"href":"https:\/\/primermomento.com\/index.php?rest_route=%2Fwp%2Fv2%2Fcomments&post=381047"}],"version-history":[{"count":1,"href":"https:\/\/primermomento.com\/index.php?rest_route=\/wp\/v2\/posts\/381047\/revisions"}],"predecessor-version":[{"id":381049,"href":"https:\/\/primermomento.com\/index.php?rest_route=\/wp\/v2\/posts\/381047\/revisions\/381049"}],"wp:featuredmedia":[{"embeddable":true,"href":"https:\/\/primermomento.com\/index.php?rest_route=\/wp\/v2\/media\/381048"}],"wp:attachment":[{"href":"https:\/\/primermomento.com\/index.php?rest_route=%2Fwp%2Fv2%2Fmedia&parent=381047"}],"wp:term":[{"taxonomy":"category","embeddable":true,"href":"https:\/\/primermomento.com\/index.php?rest_route=%2Fwp%2Fv2%2Fcategories&post=381047"},{"taxonomy":"post_tag","embeddable":true,"href":"https:\/\/primermomento.com\/index.php?rest_route=%2Fwp%2Fv2%2Ftags&post=381047"}],"curies":[{"name":"wp","href":"https:\/\/api.w.org\/{rel}","templated":true}]}}