{"id":381139,"date":"2023-03-02T19:58:18","date_gmt":"2023-03-02T23:58:18","guid":{"rendered":"http:\/\/primermomento.com\/?p=381139"},"modified":"2023-03-03T17:05:03","modified_gmt":"2023-03-03T21:05:03","slug":"gobierno-de-eeuu-niega-inmunidad-a-trump-en-demandas-civiles","status":"publish","type":"post","link":"https:\/\/primermomento.com\/?p=381139","title":{"rendered":"Gobierno de EEUU niega inmunidad a Trump en demandas civiles"},"content":{"rendered":"\n<p>WASHINGTON, EEUU.- El Departamento de Justicia (DOJ) de Estados Unidos se neg\u00f3 a respaldar la posici\u00f3n de inmunidad del expresidente Donald Trump (2017-2021) ante las demandas civiles que buscan responsabilizarlo por su conducta el 6 de enero de 2021.<\/p>\n\n\n\n<p>Los casos consolidados, presentados por numerosos miembros del Congreso, y agentes de la Polic\u00eda del Capitolio, demandan a Trump por lesiones f\u00edsicas y psicol\u00f3gicas, y alegan que el exmandatario conspir\u00f3 para impedir que cumplieran con sus funciones el d\u00eda de la insurrecci\u00f3n contra la sede legislativa.<\/p>\n\n\n\n<p>La postura del DOJ se produce luego de que Trump apelara un fallo de un tribunal inferior que considera que no es inmune a las demandas dado que los esfuerzos de un presidente para \u00abasegurar o perpetuar el cargo\u00bb no son parte del papel de la Casa Blanca.<\/p>\n\n\n\n<p>\u201cLas amplias protecciones para el presidente no deber\u00edan cubrir las declaraciones que incitan a la violencia. La Corte debe rechazar ese argumento categ\u00f3rico\u201d, escribi\u00f3 el Departamento de Justicia en un comunicado.<\/p>\n\n\n\n<p>El informe, sin embargo, no respalda espec\u00edficamente las afirmaciones de los 11 legisladores de que Trump incit\u00f3 el mot\u00edn, sino que se\u00f1ala que \u201calegan plausiblemente\u201d que el discurso del expresidente ese d\u00eda motiv\u00f3 el ataque.<\/p>\n\n\n\n<p>En \u00faltima instancia, el DOJ alienta a la corte de apelaciones a tomar una decisi\u00f3n limitada, y califica el caso como un veh\u00edculo para determinar \u201ccu\u00e1ndo y c\u00f3mo trazar una l\u00ednea entre el discurso oficial y electoral del presidente\u201d.<\/p>\n\n\n\n<p>La contribuci\u00f3n del DOJ a este caso de Trump es paralela a la investigaci\u00f3n que realiza el propio departamento sobre el esfuerzo del expresidente por permanecer en el poder y la incitaci\u00f3n a los ataques del 6 de enero en el Capitolio.<\/p>\n\n\n\n<p class=\"has-text-align-right\"><em>PL<\/em><\/p>\n","protected":false},"excerpt":{"rendered":"<p>WASHINGTON, EEUU.- El Departamento de Justicia (DOJ) de Estados Unidos se neg\u00f3 a respaldar la posici\u00f3n de inmunidad del expresidente Donald Trump (2017-2021) ante las demandas civiles que buscan responsabilizarlo por su conducta el 6 de enero de 2021. Los casos consolidados, presentados por numerosos miembros del Congreso, y agentes de la Polic\u00eda del Capitolio, [&hellip;]<\/p>\n","protected":false},"author":1,"featured_media":381140,"comment_status":"open","ping_status":"open","sticky":false,"template":"","format":"standard","meta":{"_bbp_topic_count":0,"_bbp_reply_count":0,"_bbp_total_topic_count":0,"_bbp_total_reply_count":0,"_bbp_voice_count":0,"_bbp_anonymous_reply_count":0,"_bbp_topic_count_hidden":0,"_bbp_reply_count_hidden":0,"_bbp_forum_subforum_count":0,"footnotes":""},"categories":[109,61],"tags":[],"class_list":{"0":"post-381139","1":"post","2":"type-post","3":"status-publish","4":"format-standard","5":"has-post-thumbnail","7":"category-eleccion","8":"category-mundo"},"_links":{"self":[{"href":"https:\/\/primermomento.com\/index.php?rest_route=\/wp\/v2\/posts\/381139","targetHints":{"allow":["GET"]}}],"collection":[{"href":"https:\/\/primermomento.com\/index.php?rest_route=\/wp\/v2\/posts"}],"about":[{"href":"https:\/\/primermomento.com\/index.php?rest_route=\/wp\/v2\/types\/post"}],"author":[{"embeddable":true,"href":"https:\/\/primermomento.com\/index.php?rest_route=\/wp\/v2\/users\/1"}],"replies":[{"embeddable":true,"href":"https:\/\/primermomento.com\/index.php?rest_route=%2Fwp%2Fv2%2Fcomments&post=381139"}],"version-history":[{"count":1,"href":"https:\/\/primermomento.com\/index.php?rest_route=\/wp\/v2\/posts\/381139\/revisions"}],"predecessor-version":[{"id":381141,"href":"https:\/\/primermomento.com\/index.php?rest_route=\/wp\/v2\/posts\/381139\/revisions\/381141"}],"wp:featuredmedia":[{"embeddable":true,"href":"https:\/\/primermomento.com\/index.php?rest_route=\/wp\/v2\/media\/381140"}],"wp:attachment":[{"href":"https:\/\/primermomento.com\/index.php?rest_route=%2Fwp%2Fv2%2Fmedia&parent=381139"}],"wp:term":[{"taxonomy":"category","embeddable":true,"href":"https:\/\/primermomento.com\/index.php?rest_route=%2Fwp%2Fv2%2Fcategories&post=381139"},{"taxonomy":"post_tag","embeddable":true,"href":"https:\/\/primermomento.com\/index.php?rest_route=%2Fwp%2Fv2%2Ftags&post=381139"}],"curies":[{"name":"wp","href":"https:\/\/api.w.org\/{rel}","templated":true}]}}