{"id":381210,"date":"2023-03-03T10:45:00","date_gmt":"2023-03-03T14:45:00","guid":{"rendered":"http:\/\/primermomento.com\/?p=381210"},"modified":"2023-03-03T13:49:53","modified_gmt":"2023-03-03T17:49:53","slug":"mescyt-convoca-el-otorgamiento-de-10-mil-becas-nacionales","status":"publish","type":"post","link":"https:\/\/primermomento.com\/?p=381210","title":{"rendered":"Mescyt convoca el otorgamiento de 10 mil becas nacionales"},"content":{"rendered":"\n<p>SANTO DOMINGO, Rep\u00fablica Dominicana.- El ministro de Educaci\u00f3n Superior, Ciencia y Tecnolog\u00eda, doctor Franklin Garc\u00eda Ferm\u00edn, anunci\u00f3 la apertura de la convocatoria a 10 mil Becas Nacionales, correspondientes al 2023, \u00a0gracias a una pol\u00edtica de Gobierno que busca impulsar el desarrollo econ\u00f3mico y social de j\u00f3venes dominicanos.<\/p>\n\n\n\n<p>Al encabezar el acto de lanzamiento, en la Universidad Aut\u00f3noma de Santo Domingo (UASD), el funcionario se\u00f1al\u00f3 que de esos diez mil j\u00f3venes que ser\u00e1n beneficiados, hay m\u00e1s de nueve mil que cursar\u00e1n las carreras que han anhelado siempre, \u201cgracias a la mano amigo del gobierno dominicano, porque sus familias no tienen posibilidades de ayudarlos a lograr la materializaci\u00f3n de ese sue\u00f1o\u201d.<\/p>\n\n\n\n<p>Garc\u00eda Ferm\u00edn sostuvo que el Ministerio espera que los dominicanos que resulten beneficiarios de las becas que se otorgar\u00e1n este a\u00f1o 2023, escojan entre las familias profesionales las carreras m\u00e1s estrictamente vinculadas a la creaci\u00f3n de riqueza y por consiguiente, al desarrollo nacional.<\/p>\n\n\n\n<p>\u201cEn estos d\u00edas de recordaci\u00f3n del nacimiento de la patria, el Gobierno que lidera el presidente Luis Abinader, el Ministerio de Educaci\u00f3n Superior, Ciencia y Tecnolog\u00eda est\u00e1 abriendo las puertas para que diez mil j\u00f3venes de nuestro pa\u00eds disfruten de la oportunidad de hacerse profesionales\u201d, dijo el titular del MESCYT.<\/p>\n\n\n\n<p>De su lado , el ministro de la Juventud, Rafael Feliz Garc\u00eda, valor\u00f3 la decisi\u00f3n del presidente Luis Abinader de ofertar las becas en todo el territorio nacional como un elemento indispensable para el desarrollo.<\/p>\n\n\n\n<p>Subray\u00f3 que el gobierno ha venido trabajando para que la juventud se capacite en los m\u00e1s prestigiosos centros universitarios del pa\u00eds y el extranjero.<\/p>\n\n\n\n<p>Mientras que el viceministro de Econom\u00eda, Planificaci\u00f3n y Desarrollo, Luis Madera, asegur\u00f3 que el objetivo de las becas que otorga el gobierno va dirigido a mejorar la calidad de vida de toda la gente.<\/p>\n\n\n\n<p>\u201cLas becas son tambi\u00e9n la principal herramienta para equilibrar las oportunidades de desarrollo de nuestras zonas rurales y detener ese gran flagelo, del que tan poco se habla, pero que tanto peligro genera, que es la migraci\u00f3n del campo a la ciudad\u201d.<\/p>\n\n\n\n<p><strong>Requisitos para participar en la Convocatoria<\/strong><\/p>\n\n\n\n<p>Las personas que desean participar en la convocatoria deber\u00e1n completar el formulario de solicitud en l\u00ednea, a trav\u00e9s del portal de Beca tu Futuro:&nbsp;<a href=\"https:\/\/becas.gob.do\/\" target=\"_blank\" rel=\"noreferrer noopener\">becas.gob.do<\/a>, tener un promedio de calificaciones m\u00ednimo de 80, en la escala del 1 al 100 y de 3, en la escala del 1 al 4, as\u00ed como fotocopia de la c\u00e9dula de identidad, acta de nacimiento,&nbsp; t\u00edtulo y r\u00e9cord de calificaciones legalizado por el MECYT, si desea optar por una beca de postgrado.<\/p>\n\n\n\n<p>En el caso de grado, adem\u00e1s de los requisitos anteriores, ser\u00e1 necesario; certificado de bachillerato, debidamente legalizado Ministerio de Educaci\u00f3n, as\u00ed como r\u00e9cord de notas.&nbsp;&nbsp;<\/p>\n\n\n\n<p>El acto de la Convocatoria de Becas Nacionales tambi\u00e9n estuvo encabezado por la vicerrectora de Extensi\u00f3n de la Universidad Aut\u00f3noma de Santo Domingo (UASD), Rosal\u00eda Sosa P\u00e9rez, el viceministro administrativo y financiero del MESCYT, Jos\u00e9 A. Cancel, la encargada de becas nacionales, Lanny Portorreal y la se\u00f1ora Cindy Giugnic, en representaci\u00f3n de la Oficina Gubernamental de Tecnolog\u00eda de la Informaci\u00f3n y la Comunicaci\u00f3n (OGTIC).<\/p>\n\n\n\n<p>Adem\u00e1s, de viceministros, presidentes de Asociaciones de Universidades y Rectores, directores y representantes de las Instituciones de Educaci\u00f3n Superior.<\/p>\n","protected":false},"excerpt":{"rendered":"<p>SANTO DOMINGO, Rep\u00fablica Dominicana.- El ministro de Educaci\u00f3n Superior, Ciencia y Tecnolog\u00eda, doctor Franklin Garc\u00eda Ferm\u00edn, anunci\u00f3 la apertura de la convocatoria a 10 mil Becas Nacionales, correspondientes al 2023, \u00a0gracias a una pol\u00edtica de Gobierno que busca impulsar el desarrollo econ\u00f3mico y social de j\u00f3venes dominicanos. Al encabezar el acto de lanzamiento, en la [&hellip;]<\/p>\n","protected":false},"author":1,"featured_media":381211,"comment_status":"open","ping_status":"open","sticky":false,"template":"","format":"standard","meta":{"_bbp_topic_count":0,"_bbp_reply_count":0,"_bbp_total_topic_count":0,"_bbp_total_reply_count":0,"_bbp_voice_count":0,"_bbp_anonymous_reply_count":0,"_bbp_topic_count_hidden":0,"_bbp_reply_count_hidden":0,"_bbp_forum_subforum_count":0,"footnotes":""},"categories":[109],"tags":[],"class_list":{"0":"post-381210","1":"post","2":"type-post","3":"status-publish","4":"format-standard","5":"has-post-thumbnail","7":"category-eleccion"},"_links":{"self":[{"href":"https:\/\/primermomento.com\/index.php?rest_route=\/wp\/v2\/posts\/381210","targetHints":{"allow":["GET"]}}],"collection":[{"href":"https:\/\/primermomento.com\/index.php?rest_route=\/wp\/v2\/posts"}],"about":[{"href":"https:\/\/primermomento.com\/index.php?rest_route=\/wp\/v2\/types\/post"}],"author":[{"embeddable":true,"href":"https:\/\/primermomento.com\/index.php?rest_route=\/wp\/v2\/users\/1"}],"replies":[{"embeddable":true,"href":"https:\/\/primermomento.com\/index.php?rest_route=%2Fwp%2Fv2%2Fcomments&post=381210"}],"version-history":[{"count":1,"href":"https:\/\/primermomento.com\/index.php?rest_route=\/wp\/v2\/posts\/381210\/revisions"}],"predecessor-version":[{"id":381212,"href":"https:\/\/primermomento.com\/index.php?rest_route=\/wp\/v2\/posts\/381210\/revisions\/381212"}],"wp:featuredmedia":[{"embeddable":true,"href":"https:\/\/primermomento.com\/index.php?rest_route=\/wp\/v2\/media\/381211"}],"wp:attachment":[{"href":"https:\/\/primermomento.com\/index.php?rest_route=%2Fwp%2Fv2%2Fmedia&parent=381210"}],"wp:term":[{"taxonomy":"category","embeddable":true,"href":"https:\/\/primermomento.com\/index.php?rest_route=%2Fwp%2Fv2%2Fcategories&post=381210"},{"taxonomy":"post_tag","embeddable":true,"href":"https:\/\/primermomento.com\/index.php?rest_route=%2Fwp%2Fv2%2Ftags&post=381210"}],"curies":[{"name":"wp","href":"https:\/\/api.w.org\/{rel}","templated":true}]}}