{"id":381213,"date":"2023-03-03T10:50:00","date_gmt":"2023-03-03T14:50:00","guid":{"rendered":"http:\/\/primermomento.com\/?p=381213"},"modified":"2023-03-03T13:52:25","modified_gmt":"2023-03-03T17:52:25","slug":"periodista-observa-anteproyecto-de-ley-de-libertad-de-expresion-y-medios-de-comunicacion","status":"publish","type":"post","link":"https:\/\/primermomento.com\/?p=381213","title":{"rendered":"Periodista observa anteproyecto de Ley de Libertad de Expresi\u00f3n y Medios de Comunicaci\u00f3n"},"content":{"rendered":"\n<p>SANTO DOMINGO, Rep\u00fablica Dominicana.- El periodista Jos\u00e9 Tejada G\u00f3mez\u00a0extern\u00f3 su preocupaci\u00f3n por que en el Anteproyecto de Ley de Libertad de Expresi\u00f3n y Medios de Comunicaci\u00f3n se contemple la creaci\u00f3n de un organismo, que, entre otras funciones, tenga la facultad de emitir calificaciones para la exposici\u00f3n de obras de cine y teatro en Rep\u00fablica Dominicana.<\/p>\n\n\n\n<p>Tejada G\u00f3mez, es director de DiarioDigitalRD y directivo de la Academia Dominicana de Periodistas de Arte y Espect\u00e1culos (ADOPAE). Fue presidente del Colegio Dominicano de Periodistas (CDP) y la Asociaci\u00f3n de Cronistas de Arte (Acroarte). El periodista emiti\u00f3 sus consideraciones sobre el referido proyecto sometido a discusi\u00f3n por la Comisi\u00f3n Consultiva para la Libertad de Expresi\u00f3n (CCLEX).&nbsp;<\/p>\n\n\n\n<p>El referido anteproyecto, en su art\u00edculo 55 sobre \u201ccalificaci\u00f3n de obras de cine y teatro\u201d del t\u00edtulo Espect\u00e1culos P\u00fablicos se establece que \u201cprevio a su exhibici\u00f3n, una obra art\u00edstica, \u201cse debe de esperar que el INACOM expida la calificaci\u00f3n de edad autorizada a acceder a la obra, con el \u00fanico objetivo de proteger a la infancia y la adolescencia. Esta calificaci\u00f3n deber\u00e1 ser tomada en cuenta para avances, sinopsis, promocionales o producciones publicitarias de dichas obras\u201d.<\/p>\n\n\n\n<p>En un p\u00e1rrafo siguiente el ante proyecto agrega: \u201cLas obras evaluadas deber\u00e1n ser se\u00f1alizadas adecuadamente, seg\u00fan el dispuesto en el p\u00e1rrafo 1 del art\u00edculo 19 del C\u00f3digo para el Sistema de Protecci\u00f3n y los Derechos Fundamentales de ni\u00f1os, ni\u00f1as y adolescentes y la reglamentaci\u00f3n que a tales efectos emita el INACOM\u201d.<\/p>\n\n\n\n<p>Y en un segundo p\u00e1rrafo especifica que: \u201cSe excluyen de esta obligaci\u00f3n las producciones cinematogr\u00e1ficas de car\u00e1cter cient\u00edfico o t\u00e9cnico, las destinadas a exhibici\u00f3n privada y a festivales o muestras de cine, solamente durante la duraci\u00f3n de estos. Las pel\u00edculas producidas especialmente para la televisi\u00f3n se regir\u00e1n por las disposiciones de esta ley referidas a este servicio\u201d.<\/p>\n\n\n\n<p>Tejada G\u00f3mez observa que una prueba de que esa funci\u00f3n otorgada al INACOM podr\u00eda derivar una censura previa es que en p\u00e1rrafo 3 se se\u00f1ala que&nbsp; \u201cINACOM podr\u00e1 recalificar una producci\u00f3n cinematogr\u00e1fica u obra de teatro en virtud de una petici\u00f3n fundada de revisi\u00f3n, en cualquier momento\u201d.<\/p>\n\n\n\n<p>Entiende que ese art\u00edculo contradice el esp\u00edritu de pluralidad que inspira el proyecto para garantizar la libertad de expresi\u00f3n y el ejercicio del periodismo, pues planea una instancia que podr\u00eda derivar en una censura a las manifestaciones art\u00edsticas esc\u00e9nicas y audiovisuales, m\u00e1s all\u00e1 de los t\u00e9rminos establecidos por otras normativas y leyes de Rep\u00fablica Dominicana.<\/p>\n\n\n\n<p>La declaraci\u00f3n indica que tal prerrogativa asignada al organismo a ser creado podr\u00eda chocar con el art\u00edculo<strong><em>&nbsp;64 de la Constituci\u00f3n de la Rep\u00fablica que establece que:<\/em>&nbsp;\u201c<\/strong>Toda persona tiene derecho a participar y actuar con libertad y sin censura en la vida cultural de la Naci\u00f3n, al pleno acceso y disfrute de los bienes y servicios culturales, de los avances cient\u00edficos y de la producci\u00f3n art\u00edstica y literaria. El Estado proteger\u00e1 los intereses morales y materiales sobre las obras de autores e inventores\u201d.<\/p>\n\n\n\n<p>Indica que en el ac\u00e1pite 2 del referido art\u00edculo de la Constituci\u00f3n de la Rep\u00fablica se establece que:&nbsp;Garantizar\u00e1 la libertad de expresi\u00f3n y la creaci\u00f3n cultural, as\u00ed como el acceso a la cultura en igualdad de oportunidades y promover\u00e1 la diversidad cultural, la cooperaci\u00f3n y el intercambio entre naciones.<\/p>\n\n\n\n<p>Dijo que la intenci\u00f3n de que la calificaci\u00f3n de la exposici\u00f3n p\u00fablica de una obra exista no se discute, pero s\u00ed preocupa el requisito que se plantea de que para la presentaci\u00f3n de una obra cinematogr\u00e1fica o teatral se vaya a depender de la decisi\u00f3n de un organismo del Estado.<\/p>\n\n\n\n<p>A\u00f1adi\u00f3 que esa facultad otorgada al proyectado INACOM se podr\u00eda traducir en una censura previa y poner a depender la exposici\u00f3n de una obra de arte de la voluntad de un organismo, del que podr\u00edan derivarse trabas originadas en motivos e intereses.<\/p>\n\n\n\n<p>Tejada G\u00f3mez agreg\u00f3 que \u201cuna obra de arte, sin importar el g\u00e9nero, es una expresi\u00f3n del alma de su creador y bajo subterfugio esta debe ser expuesta censura previa por persona u organismo del Estado\u201d<\/p>\n\n\n\n<p>La regla debe ser que el artista o productor de un espect\u00e1culo conozca sus deberes y responsabilidades, y que est\u00e9 sujeto a una sanci\u00f3n cuando a la postre haya expuesto la obra violentando determinadas normas establecidas por la ley.<\/p>\n","protected":false},"excerpt":{"rendered":"<p>SANTO DOMINGO, Rep\u00fablica Dominicana.- El periodista Jos\u00e9 Tejada G\u00f3mez\u00a0extern\u00f3 su preocupaci\u00f3n por que en el Anteproyecto de Ley de Libertad de Expresi\u00f3n y Medios de Comunicaci\u00f3n se contemple la creaci\u00f3n de un organismo, que, entre otras funciones, tenga la facultad de emitir calificaciones para la exposici\u00f3n de obras de cine y teatro en Rep\u00fablica Dominicana. [&hellip;]<\/p>\n","protected":false},"author":1,"featured_media":381214,"comment_status":"open","ping_status":"open","sticky":false,"template":"","format":"standard","meta":{"_bbp_topic_count":0,"_bbp_reply_count":0,"_bbp_total_topic_count":0,"_bbp_total_reply_count":0,"_bbp_voice_count":0,"_bbp_anonymous_reply_count":0,"_bbp_topic_count_hidden":0,"_bbp_reply_count_hidden":0,"_bbp_forum_subforum_count":0,"footnotes":""},"categories":[109],"tags":[],"class_list":{"0":"post-381213","1":"post","2":"type-post","3":"status-publish","4":"format-standard","5":"has-post-thumbnail","7":"category-eleccion"},"_links":{"self":[{"href":"https:\/\/primermomento.com\/index.php?rest_route=\/wp\/v2\/posts\/381213","targetHints":{"allow":["GET"]}}],"collection":[{"href":"https:\/\/primermomento.com\/index.php?rest_route=\/wp\/v2\/posts"}],"about":[{"href":"https:\/\/primermomento.com\/index.php?rest_route=\/wp\/v2\/types\/post"}],"author":[{"embeddable":true,"href":"https:\/\/primermomento.com\/index.php?rest_route=\/wp\/v2\/users\/1"}],"replies":[{"embeddable":true,"href":"https:\/\/primermomento.com\/index.php?rest_route=%2Fwp%2Fv2%2Fcomments&post=381213"}],"version-history":[{"count":1,"href":"https:\/\/primermomento.com\/index.php?rest_route=\/wp\/v2\/posts\/381213\/revisions"}],"predecessor-version":[{"id":381215,"href":"https:\/\/primermomento.com\/index.php?rest_route=\/wp\/v2\/posts\/381213\/revisions\/381215"}],"wp:featuredmedia":[{"embeddable":true,"href":"https:\/\/primermomento.com\/index.php?rest_route=\/wp\/v2\/media\/381214"}],"wp:attachment":[{"href":"https:\/\/primermomento.com\/index.php?rest_route=%2Fwp%2Fv2%2Fmedia&parent=381213"}],"wp:term":[{"taxonomy":"category","embeddable":true,"href":"https:\/\/primermomento.com\/index.php?rest_route=%2Fwp%2Fv2%2Fcategories&post=381213"},{"taxonomy":"post_tag","embeddable":true,"href":"https:\/\/primermomento.com\/index.php?rest_route=%2Fwp%2Fv2%2Ftags&post=381213"}],"curies":[{"name":"wp","href":"https:\/\/api.w.org\/{rel}","templated":true}]}}