{"id":381216,"date":"2023-03-03T10:30:00","date_gmt":"2023-03-03T14:30:00","guid":{"rendered":"http:\/\/primermomento.com\/?p=381216"},"modified":"2023-03-03T13:57:17","modified_gmt":"2023-03-03T17:57:17","slug":"destacada-cirujana-invitada-especial-en-dominicanos-en-el-capitolio","status":"publish","type":"post","link":"https:\/\/primermomento.com\/?p=381216","title":{"rendered":"Destacada cirujana invitada especial en Dominicanos en el Capitolio"},"content":{"rendered":"\n<p>SANTO DOMINGO, Rep\u00fablica Dominicana.- A trav\u00e9s del civismo que caracteriza al destacado congresista Adriano Espaillat, se llev\u00f3 a cabo en Washington DC., la quinta entrega de \u00abDominicanos en el Capitolio\u00bb un evento que busca destacar a las figuras emblem\u00e1ticas de la di\u00e1spora dominicana residente en los Estados Unidos.<\/p>\n\n\n\n<p>Entre las invitadas de honor estuvo la destacada cirujana pl\u00e1stica y reconstructiva dominicana Yily de los Santos, quien trabaja a beneficio de diferentes organizaciones y comunidades latinas de los Estados Unidos.&nbsp;<\/p>\n\n\n\n<p>De los Santos quien se ha consagrado c\u00f3mo marca pa\u00eds a nivel internacional de la cirug\u00eda pl\u00e1stica, manifest\u00f3 sentirse orgullosa de sus compatriotas Dominicanos que han puesto en alto a Quisqueya la bella, en suelos internacionales.<\/p>\n\n\n\n<p>Con 20 a\u00f1os de experiencia en la cirug\u00eda general y 12 a\u00f1os en la cirug\u00eda pl\u00e1stica, la galena ha cosechado innumerables \u00e9xitos en su trayectoria profesional, adem\u00e1s de ser una abanderada y propulsora del empoderamiento, su vocaci\u00f3n de servicio y el altruismo que la caracteriza, ha trascendido fronteras, llevando ayudas y plasmando esperanzas a diferentes fundaciones dominicanas en Estados Unidos.<\/p>\n\n\n\n<p>Entre los invitados de la actividad estuvieron los peloteros Juan Marichal, Pedro Mart\u00ednez, el Ing. Jorge Volquez (esposo de la doctora), Chuck Schumer, senador de New York; la presidenta de la organizaci\u00f3n \u00abEl secreto de un futuro mejor\u00bb Yanilda Estrella y la embajadora dominicana, Sonia Guzm\u00e1n.<\/p>\n\n\n\n<p>En el evento \u00abDominicans Hill\u00bb se realizaron diferentes conferencias, reconocimientos a figuras emblem\u00e1ticas y se resalt\u00f3 como la comunidad dominicana ha conquistado el mercado anglosaj\u00f3n en diferentes \u00e1mbitos a trav\u00e9s del trabajo arduo y constante.<\/p>\n","protected":false},"excerpt":{"rendered":"<p>SANTO DOMINGO, Rep\u00fablica Dominicana.- A trav\u00e9s del civismo que caracteriza al destacado congresista Adriano Espaillat, se llev\u00f3 a cabo en Washington DC., la quinta entrega de \u00abDominicanos en el Capitolio\u00bb un evento que busca destacar a las figuras emblem\u00e1ticas de la di\u00e1spora dominicana residente en los Estados Unidos. Entre las invitadas de honor estuvo la [&hellip;]<\/p>\n","protected":false},"author":1,"featured_media":381217,"comment_status":"open","ping_status":"open","sticky":false,"template":"","format":"standard","meta":{"_bbp_topic_count":0,"_bbp_reply_count":0,"_bbp_total_topic_count":0,"_bbp_total_reply_count":0,"_bbp_voice_count":0,"_bbp_anonymous_reply_count":0,"_bbp_topic_count_hidden":0,"_bbp_reply_count_hidden":0,"_bbp_forum_subforum_count":0,"footnotes":""},"categories":[109],"tags":[],"class_list":{"0":"post-381216","1":"post","2":"type-post","3":"status-publish","4":"format-standard","5":"has-post-thumbnail","7":"category-eleccion"},"_links":{"self":[{"href":"https:\/\/primermomento.com\/index.php?rest_route=\/wp\/v2\/posts\/381216","targetHints":{"allow":["GET"]}}],"collection":[{"href":"https:\/\/primermomento.com\/index.php?rest_route=\/wp\/v2\/posts"}],"about":[{"href":"https:\/\/primermomento.com\/index.php?rest_route=\/wp\/v2\/types\/post"}],"author":[{"embeddable":true,"href":"https:\/\/primermomento.com\/index.php?rest_route=\/wp\/v2\/users\/1"}],"replies":[{"embeddable":true,"href":"https:\/\/primermomento.com\/index.php?rest_route=%2Fwp%2Fv2%2Fcomments&post=381216"}],"version-history":[{"count":1,"href":"https:\/\/primermomento.com\/index.php?rest_route=\/wp\/v2\/posts\/381216\/revisions"}],"predecessor-version":[{"id":381218,"href":"https:\/\/primermomento.com\/index.php?rest_route=\/wp\/v2\/posts\/381216\/revisions\/381218"}],"wp:featuredmedia":[{"embeddable":true,"href":"https:\/\/primermomento.com\/index.php?rest_route=\/wp\/v2\/media\/381217"}],"wp:attachment":[{"href":"https:\/\/primermomento.com\/index.php?rest_route=%2Fwp%2Fv2%2Fmedia&parent=381216"}],"wp:term":[{"taxonomy":"category","embeddable":true,"href":"https:\/\/primermomento.com\/index.php?rest_route=%2Fwp%2Fv2%2Fcategories&post=381216"},{"taxonomy":"post_tag","embeddable":true,"href":"https:\/\/primermomento.com\/index.php?rest_route=%2Fwp%2Fv2%2Ftags&post=381216"}],"curies":[{"name":"wp","href":"https:\/\/api.w.org\/{rel}","templated":true}]}}