{"id":381376,"date":"2023-03-05T11:43:00","date_gmt":"2023-03-05T15:43:00","guid":{"rendered":"http:\/\/primermomento.com\/?p=381376"},"modified":"2023-03-05T14:47:28","modified_gmt":"2023-03-05T18:47:28","slug":"trump-permanecera-en-carrera-presidencial-de-eeuu-aun-si-es-acusado","status":"publish","type":"post","link":"https:\/\/primermomento.com\/?p=381376","title":{"rendered":"Trump permanecer\u00e1 en carrera presidencial de EEUU, aun si es acusado"},"content":{"rendered":"\n<p>WASHINGTON, EEUU.- El expresidente de Estados Unidos Donald Trump (2017-2021) asegur\u00f3 que permanecer\u00e1 en la carrera presidencial de 2024 incluso si es acusado en una serie de investigaciones a las que se enfrenta, destacan hoy medios de prensa.<\/p>\n\n\n\n<p>\u201cNi siquiera pensar\u00e9 en irme\u201d, afirm\u00f3 Trump a los periodistas cuando se le pregunt\u00f3 si se retirar\u00eda de la contienda si lo acusan.<\/p>\n\n\n\n<p>El expresidente est\u00e1 involucrado en una serie de investigaciones a nivel estatal y federal, en su mayor\u00eda derivadas de sus esfuerzos por anular las elecciones de 2020 y su manejo de informaci\u00f3n clasificada.<\/p>\n\n\n\n<p>Pero el escrutinio de las fuerzas del orden no frena la campa\u00f1a de Trump para la Casa Blanca y el aspirante us\u00f3 su intervenci\u00f3n en la Conferencia de Acci\u00f3n Pol\u00edtica Conservadora (CPAC) para presentarse ante los votantes republicanos como un salvador, se\u00f1ala The Hill.<\/p>\n\n\n\n<p>\u201cEn 2016, declar\u00e9 que soy tu voz. Hoy agrego: soy tu guerrero. Soy tu justicia, y para aquellos que han sido agraviados y traicionados, soy tu retribuci\u00f3n\u201d, expres\u00f3 Trump en el discurso.<\/p>\n\n\n\n<p>A medida que el campo republicano para la contienda presidencial se vuelve m\u00e1s n\u00edtido, con la aparici\u00f3n de otros aspirantes a la presidencia, Trump catalog\u00f3 su candidatura para 2024 como la \u201cbatalla final\u201d.<\/p>\n\n\n\n<p>\u201cEsta es la batalla final\u201d, dijo Trump. \u201cTodos lo saben. O ganan ellos o ganamos nosotros. Y si ganan, ya no tenemos pa\u00eds\u201d, concluy\u00f3.<\/p>\n\n\n\n<p>El exmandatario gan\u00f3 f\u00e1cilmente la encuesta de opini\u00f3n de la CPAC entre las bases republicanas, mientras busca recuperar el gobierno en 2024.<\/p>\n\n\n\n<p>Trump se alz\u00f3 con el 62 por ciento, mientras que el gobernador de Florida, Ron DeSantis, probablemente su rival m\u00e1s cercano, obtuvo el 20 por ciento.<\/p>\n\n\n\n<p class=\"has-text-align-right\"><em>PL<\/em><\/p>\n","protected":false},"excerpt":{"rendered":"<p>WASHINGTON, EEUU.- El expresidente de Estados Unidos Donald Trump (2017-2021) asegur\u00f3 que permanecer\u00e1 en la carrera presidencial de 2024 incluso si es acusado en una serie de investigaciones a las que se enfrenta, destacan hoy medios de prensa. \u201cNi siquiera pensar\u00e9 en irme\u201d, afirm\u00f3 Trump a los periodistas cuando se le pregunt\u00f3 si se retirar\u00eda [&hellip;]<\/p>\n","protected":false},"author":1,"featured_media":304686,"comment_status":"open","ping_status":"open","sticky":false,"template":"","format":"standard","meta":{"_bbp_topic_count":0,"_bbp_reply_count":0,"_bbp_total_topic_count":0,"_bbp_total_reply_count":0,"_bbp_voice_count":0,"_bbp_anonymous_reply_count":0,"_bbp_topic_count_hidden":0,"_bbp_reply_count_hidden":0,"_bbp_forum_subforum_count":0,"footnotes":""},"categories":[61],"tags":[],"class_list":{"0":"post-381376","1":"post","2":"type-post","3":"status-publish","4":"format-standard","5":"has-post-thumbnail","7":"category-mundo"},"_links":{"self":[{"href":"https:\/\/primermomento.com\/index.php?rest_route=\/wp\/v2\/posts\/381376","targetHints":{"allow":["GET"]}}],"collection":[{"href":"https:\/\/primermomento.com\/index.php?rest_route=\/wp\/v2\/posts"}],"about":[{"href":"https:\/\/primermomento.com\/index.php?rest_route=\/wp\/v2\/types\/post"}],"author":[{"embeddable":true,"href":"https:\/\/primermomento.com\/index.php?rest_route=\/wp\/v2\/users\/1"}],"replies":[{"embeddable":true,"href":"https:\/\/primermomento.com\/index.php?rest_route=%2Fwp%2Fv2%2Fcomments&post=381376"}],"version-history":[{"count":1,"href":"https:\/\/primermomento.com\/index.php?rest_route=\/wp\/v2\/posts\/381376\/revisions"}],"predecessor-version":[{"id":381377,"href":"https:\/\/primermomento.com\/index.php?rest_route=\/wp\/v2\/posts\/381376\/revisions\/381377"}],"wp:featuredmedia":[{"embeddable":true,"href":"https:\/\/primermomento.com\/index.php?rest_route=\/wp\/v2\/media\/304686"}],"wp:attachment":[{"href":"https:\/\/primermomento.com\/index.php?rest_route=%2Fwp%2Fv2%2Fmedia&parent=381376"}],"wp:term":[{"taxonomy":"category","embeddable":true,"href":"https:\/\/primermomento.com\/index.php?rest_route=%2Fwp%2Fv2%2Fcategories&post=381376"},{"taxonomy":"post_tag","embeddable":true,"href":"https:\/\/primermomento.com\/index.php?rest_route=%2Fwp%2Fv2%2Ftags&post=381376"}],"curies":[{"name":"wp","href":"https:\/\/api.w.org\/{rel}","templated":true}]}}