{"id":381670,"date":"2023-03-08T08:00:00","date_gmt":"2023-03-08T12:00:00","guid":{"rendered":"http:\/\/primermomento.com\/?p=381670"},"modified":"2023-03-08T19:35:46","modified_gmt":"2023-03-08T23:35:46","slug":"orquesta-van-van-actuara-en-nueva-york","status":"publish","type":"post","link":"https:\/\/primermomento.com\/?p=381670","title":{"rendered":"Orquesta Van Van actuar\u00e1 en Nueva York"},"content":{"rendered":"\n<p>LA HABANA, Cuba.- La orquesta cubana Van Van anunci\u00f3 en redes sociales que actuar\u00e1 el pr\u00f3ximo 29 de abril en el Lehman Center for the Performing Arts, de Nueva York.<\/p>\n\n\n\n<p>El famoso \u00abtren de la m\u00fasica cubana\u00bb se presentar\u00e1 en \u00fanico concierto en el \u00e1rea tri-estatal y las entradas ya est\u00e1n a la venta v\u00eda online seg\u00fan su perfil oficial de Facebook.<\/p>\n\n\n\n<p>A prop\u00f3sito del concierto el sitio digital lehmancenter.com resalt\u00f3 a Van Van como la sensaci\u00f3n de la m\u00fasica cubana que junto a artistas como los Beatles, Aretha Franklin y Creedence Clearwater Revival cambiaron el curso de la m\u00fasica popular durante toda una generaci\u00f3n.<\/p>\n\n\n\n<p>Agreg\u00f3 que las grabaciones de la orquesta cubana contin\u00faan resonando fuera de la isla y adem\u00e1s han hecho giras por todo el mundo cautivando al p\u00fablico en Europa y Estados Unidos, as\u00ed como en toda Am\u00e9rica Latina e incluso Asia.<\/p>\n\n\n\n<p>Van Van adelant\u00f3 tambi\u00e9n en su cuenta de Facebook que actuar\u00e1 el 30 de abril en South Florida, en el Bandshell de Miami Beach y convoc\u00f3 a sus seguidores a bailar en ambas fechas de conciertos.<\/p>\n\n\n\n<p>Asimismo el tren de la m\u00fasica cubana comparti\u00f3 el nuevo liric video Tu tiempo pas\u00f3, su \u00faltima producci\u00f3n, y adelant\u00f3 a sus fans que vienen m\u00e1s sorpresas.<\/p>\n\n\n\n<p>Y como si fuera poco, la agrupaci\u00f3n est\u00e1 grabando coros de la pr\u00f3xima producci\u00f3n \u00abEn Modo Van Van\u00bb con las voces de Angelito Bonne, Armando Cantero y Jorge Leliebre, seg\u00fan inform\u00f3 el director Samuel Formell en un post para sus seguidores en el que comparti\u00f3 fotos del suceso.<\/p>\n\n\n\n<p>Asimismo llam\u00f3 la atenci\u00f3n sobre el nuevo proyecto a efectuarse cada viernes en el Habana Salsa Club del Club Habana.<\/p>\n\n\n\n<p class=\"has-text-align-right\"><em>PL<\/em><\/p>\n","protected":false},"excerpt":{"rendered":"<p>LA HABANA, Cuba.- La orquesta cubana Van Van anunci\u00f3 en redes sociales que actuar\u00e1 el pr\u00f3ximo 29 de abril en el Lehman Center for the Performing Arts, de Nueva York. El famoso \u00abtren de la m\u00fasica cubana\u00bb se presentar\u00e1 en \u00fanico concierto en el \u00e1rea tri-estatal y las entradas ya est\u00e1n a la venta v\u00eda [&hellip;]<\/p>\n","protected":false},"author":1,"featured_media":381671,"comment_status":"open","ping_status":"open","sticky":false,"template":"","format":"standard","meta":{"_bbp_topic_count":0,"_bbp_reply_count":0,"_bbp_total_topic_count":0,"_bbp_total_reply_count":0,"_bbp_voice_count":0,"_bbp_anonymous_reply_count":0,"_bbp_topic_count_hidden":0,"_bbp_reply_count_hidden":0,"_bbp_forum_subforum_count":0,"footnotes":""},"categories":[109,39],"tags":[],"class_list":{"0":"post-381670","1":"post","2":"type-post","3":"status-publish","4":"format-standard","5":"has-post-thumbnail","7":"category-eleccion","8":"category-entretenimiento"},"_links":{"self":[{"href":"https:\/\/primermomento.com\/index.php?rest_route=\/wp\/v2\/posts\/381670","targetHints":{"allow":["GET"]}}],"collection":[{"href":"https:\/\/primermomento.com\/index.php?rest_route=\/wp\/v2\/posts"}],"about":[{"href":"https:\/\/primermomento.com\/index.php?rest_route=\/wp\/v2\/types\/post"}],"author":[{"embeddable":true,"href":"https:\/\/primermomento.com\/index.php?rest_route=\/wp\/v2\/users\/1"}],"replies":[{"embeddable":true,"href":"https:\/\/primermomento.com\/index.php?rest_route=%2Fwp%2Fv2%2Fcomments&post=381670"}],"version-history":[{"count":1,"href":"https:\/\/primermomento.com\/index.php?rest_route=\/wp\/v2\/posts\/381670\/revisions"}],"predecessor-version":[{"id":381672,"href":"https:\/\/primermomento.com\/index.php?rest_route=\/wp\/v2\/posts\/381670\/revisions\/381672"}],"wp:featuredmedia":[{"embeddable":true,"href":"https:\/\/primermomento.com\/index.php?rest_route=\/wp\/v2\/media\/381671"}],"wp:attachment":[{"href":"https:\/\/primermomento.com\/index.php?rest_route=%2Fwp%2Fv2%2Fmedia&parent=381670"}],"wp:term":[{"taxonomy":"category","embeddable":true,"href":"https:\/\/primermomento.com\/index.php?rest_route=%2Fwp%2Fv2%2Fcategories&post=381670"},{"taxonomy":"post_tag","embeddable":true,"href":"https:\/\/primermomento.com\/index.php?rest_route=%2Fwp%2Fv2%2Ftags&post=381670"}],"curies":[{"name":"wp","href":"https:\/\/api.w.org\/{rel}","templated":true}]}}