{"id":381730,"date":"2023-03-09T06:01:00","date_gmt":"2023-03-09T10:01:00","guid":{"rendered":"http:\/\/primermomento.com\/?p=381730"},"modified":"2023-03-09T11:09:59","modified_gmt":"2023-03-09T15:09:59","slug":"conmemoran-206-aniversario-del-natalicio-de-francisco-del-rosario-sanchez","status":"publish","type":"post","link":"https:\/\/primermomento.com\/?p=381730","title":{"rendered":"Conmemoran 206 aniversario del natalicio de Francisco del Rosario S\u00e1nchez"},"content":{"rendered":"\n<p>SANTO DOMINGO, Rep\u00fablica Dominicana. La Rep\u00fablica Dominicana conmemora hoy el aniversario 206 del natalicio de Francisco del Rosario S\u00e1nchez, quien junto a Juan Pablo Duarte y Mat\u00edas Ram\u00f3n Mella es considerado Padre de la Patria.<\/p>\n\n\n\n<p>S\u00e1nchez, quien naci\u00f3 en esta capital el 9 de marzo de 1817, particip\u00f3 en la gesta que hizo posible proclamar la independencia nacional la noche del 27 de febrero de 1844.<\/p>\n\n\n\n<p>Tras regresar del exilio para sumarse a la guerra por la emancipaci\u00f3n fue capturado y fusilado el 4 de julio de 1861 en la comunidad El Cercado, en la provincia San Juan, por orden del dictador Pedro Santana.<\/p>\n\n\n\n<p>Los dominicanos acudir\u00e1n este jueves a la Puerta del Conde, en la Zona Colonial, lugar donde por primera vez el pr\u00f3cer iz\u00f3 la bandera nacional y Efem\u00e9rides Patrias coloc\u00f3 un busto para recordar el hecho.<\/p>\n\n\n\n<p class=\"has-text-align-right\"><em>PL<\/em><\/p>\n","protected":false},"excerpt":{"rendered":"<p>SANTO DOMINGO, Rep\u00fablica Dominicana. La Rep\u00fablica Dominicana conmemora hoy el aniversario 206 del natalicio de Francisco del Rosario S\u00e1nchez, quien junto a Juan Pablo Duarte y Mat\u00edas Ram\u00f3n Mella es considerado Padre de la Patria. S\u00e1nchez, quien naci\u00f3 en esta capital el 9 de marzo de 1817, particip\u00f3 en la gesta que hizo posible proclamar [&hellip;]<\/p>\n","protected":false},"author":1,"featured_media":315813,"comment_status":"open","ping_status":"open","sticky":false,"template":"","format":"standard","meta":{"_bbp_topic_count":0,"_bbp_reply_count":0,"_bbp_total_topic_count":0,"_bbp_total_reply_count":0,"_bbp_voice_count":0,"_bbp_anonymous_reply_count":0,"_bbp_topic_count_hidden":0,"_bbp_reply_count_hidden":0,"_bbp_forum_subforum_count":0,"footnotes":""},"categories":[32],"tags":[],"class_list":{"0":"post-381730","1":"post","2":"type-post","3":"status-publish","4":"format-standard","5":"has-post-thumbnail","7":"category-lo-ultimo"},"_links":{"self":[{"href":"https:\/\/primermomento.com\/index.php?rest_route=\/wp\/v2\/posts\/381730","targetHints":{"allow":["GET"]}}],"collection":[{"href":"https:\/\/primermomento.com\/index.php?rest_route=\/wp\/v2\/posts"}],"about":[{"href":"https:\/\/primermomento.com\/index.php?rest_route=\/wp\/v2\/types\/post"}],"author":[{"embeddable":true,"href":"https:\/\/primermomento.com\/index.php?rest_route=\/wp\/v2\/users\/1"}],"replies":[{"embeddable":true,"href":"https:\/\/primermomento.com\/index.php?rest_route=%2Fwp%2Fv2%2Fcomments&post=381730"}],"version-history":[{"count":1,"href":"https:\/\/primermomento.com\/index.php?rest_route=\/wp\/v2\/posts\/381730\/revisions"}],"predecessor-version":[{"id":381731,"href":"https:\/\/primermomento.com\/index.php?rest_route=\/wp\/v2\/posts\/381730\/revisions\/381731"}],"wp:featuredmedia":[{"embeddable":true,"href":"https:\/\/primermomento.com\/index.php?rest_route=\/wp\/v2\/media\/315813"}],"wp:attachment":[{"href":"https:\/\/primermomento.com\/index.php?rest_route=%2Fwp%2Fv2%2Fmedia&parent=381730"}],"wp:term":[{"taxonomy":"category","embeddable":true,"href":"https:\/\/primermomento.com\/index.php?rest_route=%2Fwp%2Fv2%2Fcategories&post=381730"},{"taxonomy":"post_tag","embeddable":true,"href":"https:\/\/primermomento.com\/index.php?rest_route=%2Fwp%2Fv2%2Ftags&post=381730"}],"curies":[{"name":"wp","href":"https:\/\/api.w.org\/{rel}","templated":true}]}}