{"id":381791,"date":"2023-03-09T19:48:38","date_gmt":"2023-03-09T23:48:38","guid":{"rendered":"http:\/\/primermomento.com\/?p=381791"},"modified":"2023-03-10T07:28:33","modified_gmt":"2023-03-10T11:28:33","slug":"juez-impone-tres-anos-de-prision-preventiva-a-expresidente-peruano","status":"publish","type":"post","link":"https:\/\/primermomento.com\/?p=381791","title":{"rendered":"Juez impone tres a\u00f1os de prisi\u00f3n preventiva a expresidente peruano"},"content":{"rendered":"\n<p>LIMA, Per\u00fa.- Un juez supremo orden\u00f3 hoy que el exmandatario peruano Pedro Castillo sea mantenido en prisi\u00f3n preventiva por 36 meses, pese a que desde diciembre pasado est\u00e1 sometido a una medida similar por 18.<\/p>\n\n\n\n<p>El juez supremo de investigaci\u00f3n preparatoria Juan Carlos Checkley, encargado de monitorear la investigaci\u00f3n a Castillo, consider\u00f3 necesaria la medida para garantizar las pesquisas, cuya aplicaci\u00f3n fue alentada por sectores pol\u00edticos y medios de prensa adversos al exgobernante.<\/p>\n\n\n\n<p>La indagaci\u00f3n est\u00e1 referida a casos de corrupci\u00f3n en la empresa estatal de hidrocarburos y los exministros de Transportes y Comunicaciones, Juan Silva (pr\u00f3fugo) y Geiner Alvarado, quien se mantiene en una especie de libertad condicional, as\u00ed como familiares y otros allegados al exmandatario.<\/p>\n\n\n\n<p>Chackley desoy\u00f3 el alegato del abogado de Castillo, Eduardo Pachas, en el sentido de que la nueva prisi\u00f3n preventiva es innecesaria como garant\u00eda de que el expresidente no pueda fugarse o entorpecer las investigaciones.<\/p>\n\n\n\n<p>Explic\u00f3 que su cliente no puede escapar ni obstruir las pesquisas porque est\u00e1 encarcelado en una prisi\u00f3n de alta seguridad desde que el 7 de diciembre de 2022 fue detenido y destituido por el Parlamento por haber ordenado la disoluci\u00f3n del Congreso opositor, sin lograr su objetivo.<\/p>\n\n\n\n<p>El juez, al fundamentar su decisi\u00f3n, se\u00f1al\u00f3 que el caso cumple el primer requisito de la prisi\u00f3n preventiva, es decir, que podr\u00eda ser condenado a una larga condena, pues la Fiscal\u00eda afirma que el castigo ser\u00eda de m\u00e1s de 30 a\u00f1os de c\u00e1rcel.<\/p>\n\n\n\n<p>En la audiencia de debate del pedido de prisi\u00f3n preventiva, el expresidente neg\u00f3 los cargos en su contra y coincidi\u00f3 con su abogado en sostener que no hay pruebas y que solo es culpable del delito de servir a su pa\u00eds como presidente y es objeto de una campa\u00f1a pol\u00edtica y medi\u00e1tica en su contra.<\/p>\n\n\n\n<p>Tambi\u00e9n acus\u00f3 de corrupci\u00f3n a las bancadas parlamentarias que lo acusan, aunque no present\u00f3 pruebas de sus afirmaciones.<\/p>\n\n\n\n<p>La ca\u00edda de Castillo desat\u00f3 una ola de protestas que, con pausas, contin\u00faa, sobre todo en territorios andinos y principalmente en el sure\u00f1o de Puno, y que pide la renuncia de la presidenta Dina Boluarte, entre otras exigencias.<\/p>\n\n\n\n<p>Las manifestaciones han dejado un rastro de 48 muertos en disturbios, seis soldados ahogados en circunstancias que son materia de controversia, un polic\u00eda asesinado y 11 civiles fallecidos en accidentes vinculados a las protestas.<\/p>\n\n\n\n<p class=\"has-text-align-right\"><em>PL<\/em><\/p>\n","protected":false},"excerpt":{"rendered":"<p>LIMA, Per\u00fa.- Un juez supremo orden\u00f3 hoy que el exmandatario peruano Pedro Castillo sea mantenido en prisi\u00f3n preventiva por 36 meses, pese a que desde diciembre pasado est\u00e1 sometido a una medida similar por 18. El juez supremo de investigaci\u00f3n preparatoria Juan Carlos Checkley, encargado de monitorear la investigaci\u00f3n a Castillo, consider\u00f3 necesaria la medida [&hellip;]<\/p>\n","protected":false},"author":1,"featured_media":374687,"comment_status":"open","ping_status":"open","sticky":false,"template":"","format":"standard","meta":{"_bbp_topic_count":0,"_bbp_reply_count":0,"_bbp_total_topic_count":0,"_bbp_total_reply_count":0,"_bbp_voice_count":0,"_bbp_anonymous_reply_count":0,"_bbp_topic_count_hidden":0,"_bbp_reply_count_hidden":0,"_bbp_forum_subforum_count":0,"footnotes":""},"categories":[61],"tags":[],"class_list":{"0":"post-381791","1":"post","2":"type-post","3":"status-publish","4":"format-standard","5":"has-post-thumbnail","7":"category-mundo"},"_links":{"self":[{"href":"https:\/\/primermomento.com\/index.php?rest_route=\/wp\/v2\/posts\/381791","targetHints":{"allow":["GET"]}}],"collection":[{"href":"https:\/\/primermomento.com\/index.php?rest_route=\/wp\/v2\/posts"}],"about":[{"href":"https:\/\/primermomento.com\/index.php?rest_route=\/wp\/v2\/types\/post"}],"author":[{"embeddable":true,"href":"https:\/\/primermomento.com\/index.php?rest_route=\/wp\/v2\/users\/1"}],"replies":[{"embeddable":true,"href":"https:\/\/primermomento.com\/index.php?rest_route=%2Fwp%2Fv2%2Fcomments&post=381791"}],"version-history":[{"count":1,"href":"https:\/\/primermomento.com\/index.php?rest_route=\/wp\/v2\/posts\/381791\/revisions"}],"predecessor-version":[{"id":381792,"href":"https:\/\/primermomento.com\/index.php?rest_route=\/wp\/v2\/posts\/381791\/revisions\/381792"}],"wp:featuredmedia":[{"embeddable":true,"href":"https:\/\/primermomento.com\/index.php?rest_route=\/wp\/v2\/media\/374687"}],"wp:attachment":[{"href":"https:\/\/primermomento.com\/index.php?rest_route=%2Fwp%2Fv2%2Fmedia&parent=381791"}],"wp:term":[{"taxonomy":"category","embeddable":true,"href":"https:\/\/primermomento.com\/index.php?rest_route=%2Fwp%2Fv2%2Fcategories&post=381791"},{"taxonomy":"post_tag","embeddable":true,"href":"https:\/\/primermomento.com\/index.php?rest_route=%2Fwp%2Fv2%2Ftags&post=381791"}],"curies":[{"name":"wp","href":"https:\/\/api.w.org\/{rel}","templated":true}]}}