{"id":382065,"date":"2023-03-12T11:03:22","date_gmt":"2023-03-12T15:03:22","guid":{"rendered":"http:\/\/primermomento.com\/?p=382065"},"modified":"2023-03-12T19:32:23","modified_gmt":"2023-03-12T23:32:23","slug":"ministro-llama-a-estudiantes-a-convertirse-en-entes-de-cambio-para-profundizar-desarrollo","status":"publish","type":"post","link":"https:\/\/primermomento.com\/?p=382065","title":{"rendered":"Ministro llama a estudiantes a convertirse en entes de cambio para profundizar desarrollo"},"content":{"rendered":"\n<p>LAS MATAS DE FARF\u00c1N, Rep\u00fablica Dominicana.- El ministro de Educaci\u00f3n Superior, Ciencia y Tecnolog\u00eda, doctor Franklin Garc\u00eda Ferm\u00edn, asegur\u00f3 que la aspiraci\u00f3n del Gobierno del presidente Luis Abinader, es que cada estudiante dominicano puede convertirse en un ente de cambio a trav\u00e9s de una s\u00f3lida formaci\u00f3n acad\u00e9mica para contribuir al bienestar de su familia y a profundizar el proceso de desarrollo de la Rep\u00fablica Dominicana.<\/p>\n\n\n\n<p>Dijo que los j\u00f3venes dominicanos cuentan con el respaldo del Jefe del Estado, debido a que en sus dos a\u00f1os de gesti\u00f3n ha otorgado m\u00e1s de 20 mil becas nacionales e internacionales y ejecuta la construcci\u00f3n de centros universitarios en diferentes puntos del territorio nacional.<\/p>\n\n\n\n<p>Garc\u00eda Ferm\u00edn hizo los planteamientos al pronunciar un discurso en un acto desarrollado en el \u00e1rea donde en los pr\u00f3ximos meses funcionar\u00e1 la Universidad Federico Henr\u00edquez y Carvajal (UFHEC), en el que asistieron las principales autoridades de esa academia, legisladores, empresarios, ejecutivos municipales y cientos de estudiantes de esta zona del llamado sur profundo del pa\u00eds.<\/p>\n\n\n\n<p>En el acto, el coordinador nacional de becas del Ministerio de Educaci\u00f3n Superior, Ciencia y Tecnolog\u00eda (MESCyT), Rafael Mart\u00ednez, explic\u00f3 a los alumnos los requisitos que deben cumplir para ser beneficiarios de una pensi\u00f3n estudiantil.<\/p>\n\n\n\n<p>Garc\u00eda Ferm\u00edn, en su discurso, llam\u00f3 a los estudiantes a tomar como ejemplo la experiencia de Taiw\u00e1n, cuya naci\u00f3n, seg\u00fan dijo, a pesar de su peque\u00f1a extensi\u00f3n territorial en comparaci\u00f3n con la Rep\u00fablica Dominicana, ha logrado altos niveles de desarrollo debido a su recia formaci\u00f3n acad\u00e9mica de sus habitantes.<\/p>\n\n\n\n<p>Dijo que en la Rep\u00fablica Dominicana se registra un verdadero cambio de paradigma en el \u00e1rea de la educaci\u00f3n superior.<\/p>\n\n\n\n<p>\u201cUn cambio en el sentido, de que no son ustedes que deben ir al Ministerio a buscar la informaci\u00f3n de c\u00f3mo obtener una beca para que puedan superarse, sino que, por primera vez, es el Ministerio de Educaci\u00f3n Superior, Ciencia y Tecnolog\u00eda que va a donde ustedes est\u00e1n para ofrecerles becas\u201d, subray\u00f3 Garc\u00eda Ferm\u00edn.<\/p>\n\n\n\n<p>El funcionario indic\u00f3 que el presidente Luis Abinader no ha escatimado esfuerzos para que ning\u00fan estudiante se quede fuera de las aulas universitarias por falta de facilidades y condiciones para obtener un t\u00edtulo universitario.<\/p>\n\n\n\n<p>\u201cPor eso, invito a los j\u00f3venes de esta zona a participar en este llamamiento que le estamos haciendo para que se preparen al m\u00e1s alto nivel\u201d, precis\u00f3 Garc\u00eda Ferm\u00edn.<\/p>\n\n\n\n<p><strong><em>Habla rector UFHEC<\/em><\/strong><\/p>\n\n\n\n<p>El rector de la Universidad Federico Henr\u00edquez y Carvajal (UFHEC), Alberto Ram\u00edrez Cabral, agradeci\u00f3 a las autoridades del MESCYT haber escogido el \u00e1rea donde funcionar\u00e1 la extensi\u00f3n de esa academia para hacer una oferta de becas a los estudiantes de Las Matas de Farf\u00e1n y otras comunidades de esta zona.<\/p>\n\n\n\n<p>Destac\u00f3 el programa de otorgamiento de becas que viene ejecutando la administraci\u00f3n del presidente Luis Abinader a trav\u00e9s del MESCYT.<\/p>\n\n\n\n<p>Ram\u00edrez Cabral, junto a otras autoridades de la academia, realiz\u00f3 un recorrido por las instalaciones donde en los pr\u00f3ximos meses funcionar\u00e1 la extensi\u00f3n de UFHEC-Las Matas de Farf\u00e1n.<\/p>\n\n\n\n<p><strong><em>Los asistentes acto<\/em><\/strong><strong><\/strong><\/p>\n\n\n\n<p>Entre los asistentes al acto del ofertorio de becas a los estudiantes de Las Matas de Farf\u00e1n figuraron el viceministro Administrativo y Financiero del MESCYT, Jos\u00e9 A. Cancel; la vicerrectora de Extensi\u00f3n de la Universidad Aut\u00f3noma de Santo Domingo (UASD), Rosal\u00eda Sosa P\u00e9rez; la gobernadora de la provincia San Juan, Elvira Corpor\u00e1n de los Santos; la alcaldesa del municipio San Juan de la Maguana, arquitecta Hanoi S\u00e1nchez, y el director del Plan San Juan, H\u00e9ctor Lee.<\/p>\n\n\n\n<p>Adem\u00e1s, el p\u00e1rroco de San Juan, Ram\u00f3n Emilio del Rosario, y el dirigente comunitario y director de la Cl\u00ednica Cristiana de Salud Integral, doctor Osvaldo Antonio Canario Montero, entre otros invitados especiales.<\/p>\n","protected":false},"excerpt":{"rendered":"<p>LAS MATAS DE FARF\u00c1N, Rep\u00fablica Dominicana.- El ministro de Educaci\u00f3n Superior, Ciencia y Tecnolog\u00eda, doctor Franklin Garc\u00eda Ferm\u00edn, asegur\u00f3 que la aspiraci\u00f3n del Gobierno del presidente Luis Abinader, es que cada estudiante dominicano puede convertirse en un ente de cambio a trav\u00e9s de una s\u00f3lida formaci\u00f3n acad\u00e9mica para contribuir al bienestar de su familia y [&hellip;]<\/p>\n","protected":false},"author":1,"featured_media":382066,"comment_status":"open","ping_status":"open","sticky":false,"template":"","format":"standard","meta":{"_bbp_topic_count":0,"_bbp_reply_count":0,"_bbp_total_topic_count":0,"_bbp_total_reply_count":0,"_bbp_voice_count":0,"_bbp_anonymous_reply_count":0,"_bbp_topic_count_hidden":0,"_bbp_reply_count_hidden":0,"_bbp_forum_subforum_count":0,"footnotes":""},"categories":[30,109],"tags":[],"class_list":{"0":"post-382065","1":"post","2":"type-post","3":"status-publish","4":"format-standard","5":"has-post-thumbnail","7":"category-actualidad","8":"category-eleccion"},"_links":{"self":[{"href":"https:\/\/primermomento.com\/index.php?rest_route=\/wp\/v2\/posts\/382065","targetHints":{"allow":["GET"]}}],"collection":[{"href":"https:\/\/primermomento.com\/index.php?rest_route=\/wp\/v2\/posts"}],"about":[{"href":"https:\/\/primermomento.com\/index.php?rest_route=\/wp\/v2\/types\/post"}],"author":[{"embeddable":true,"href":"https:\/\/primermomento.com\/index.php?rest_route=\/wp\/v2\/users\/1"}],"replies":[{"embeddable":true,"href":"https:\/\/primermomento.com\/index.php?rest_route=%2Fwp%2Fv2%2Fcomments&post=382065"}],"version-history":[{"count":1,"href":"https:\/\/primermomento.com\/index.php?rest_route=\/wp\/v2\/posts\/382065\/revisions"}],"predecessor-version":[{"id":382067,"href":"https:\/\/primermomento.com\/index.php?rest_route=\/wp\/v2\/posts\/382065\/revisions\/382067"}],"wp:featuredmedia":[{"embeddable":true,"href":"https:\/\/primermomento.com\/index.php?rest_route=\/wp\/v2\/media\/382066"}],"wp:attachment":[{"href":"https:\/\/primermomento.com\/index.php?rest_route=%2Fwp%2Fv2%2Fmedia&parent=382065"}],"wp:term":[{"taxonomy":"category","embeddable":true,"href":"https:\/\/primermomento.com\/index.php?rest_route=%2Fwp%2Fv2%2Fcategories&post=382065"},{"taxonomy":"post_tag","embeddable":true,"href":"https:\/\/primermomento.com\/index.php?rest_route=%2Fwp%2Fv2%2Ftags&post=382065"}],"curies":[{"name":"wp","href":"https:\/\/api.w.org\/{rel}","templated":true}]}}