{"id":382218,"date":"2023-03-13T10:45:00","date_gmt":"2023-03-13T14:45:00","guid":{"rendered":"http:\/\/primermomento.com\/?p=382218"},"modified":"2023-03-13T16:55:39","modified_gmt":"2023-03-13T20:55:39","slug":"parlacen-pondra-en-marcha-su-asamblea-en-el-auditorio-del-senado-de-la-republica","status":"publish","type":"post","link":"https:\/\/primermomento.com\/?p=382218","title":{"rendered":"PARLACEN pondr\u00e1 en marcha su Asamblea en el auditorio del Senado de la Rep\u00fablica"},"content":{"rendered":"\n<p>SANTO DOMINGO, Rep\u00fablica Dominicana.- La subsede dominicana del Parlamento Centroamericano, PARLACEN, integrada por 22 honorables diputadas y diputados, aprovecha la ocasi\u00f3n para agradecer a los medios de comunicaci\u00f3n y a la opini\u00f3n p\u00fablica todo el apoyo que han recibido desde el ingreso de Rep\u00fablica Dominicana en el a\u00f1o 1998, como miembro con voz y voto de este tan importante \u00f3rgano regional, fundado hace m\u00e1s de 30 a\u00f1os.<\/p>\n\n\n\n<p>El 28 de octubre de 1991, en sesi\u00f3n solemne fue instalado el Parlamento Centroamericano, teniendo como pa\u00eds sede la Rep\u00fablica de Guatemala.<\/p>\n\n\n\n<p>El PARLACEN est\u00e1 integrado por m\u00e1s de 100 parlamentarios de Centroam\u00e9rica y Rep\u00fablica Dominicana, escogidos en su gran mayor\u00eda por el voto popular, en sus respectivas naciones.<\/p>\n\n\n\n<p>Es un foro deliberativo para el an\u00e1lisis de los asuntos pol\u00edticos, econ\u00f3micos, sociales y culturales comunes y de seguridad, del \u00e1rea centroamericana y Rep\u00fablica Dominicana.<\/p>\n\n\n\n<p>Tienen el compromiso de impulsar y orientar los procesos de Integraci\u00f3n y la m\u00e1s amplia cooperaci\u00f3n entre los pa\u00edses centroamericanos y dominicana.<\/p>\n\n\n\n<p>El PARLACEN es el brazo pol\u00edtico del Sistema de la Integraci\u00f3n Centroamericana (SICA). Es el marco institucional de la integraci\u00f3n de la Regi\u00f3n Centroamericana y Rep\u00fablica Dominicana, integrado por los Estados de Guatemala, El Salvador, Honduras, Nicaragua, Costa Rica, Panam\u00e1 y Belice.<\/p>\n\n\n\n<p>Informaron que el Parlamento Centroamericano desarrollar\u00e1 su Asamblea Plenaria ordinaria del mes de marzo, los d\u00edas lunes 27 y martes 28 del presente mes, en el auditorio del Senado de la Rep\u00fablica Dominicana, ubicado en la sede del Congreso Nacional.<\/p>\n\n\n\n<p>La Plenaria estar\u00e1 encabezada por el honorable presidente del PARLACEN, diputado por el Estado de Panam\u00e1, Amado Cerrud Acevedo. El acto inaugural contar\u00e1 con la presencia de los honorables presidentes del Senado de la Rep\u00fablica, Eduardo Estrella y por Alfredo Pacheco, presidente de la C\u00e1mara de Diputados, respectivamente.<\/p>\n\n\n\n<p>Finalmente, hacieron del conocimiento que su honorable presidente del PARLACEN, diputado Amado Cerrud Acevedo, estar\u00e1 participando como \u00a8Invitado Especial\u00a8 en la XXVIII Cumbre Iberoamericana de jefes y jefas de Estado y de Gobierno, cuya ceremonia inaugural ser\u00e1 el viernes 24 de marzo en la ciudad de Santo Domingo, en donde participar\u00e1n m\u00e1s de 22 pa\u00edses del hemisferio.<\/p>\n\n\n\n<p>En otro orden, informaron que a partir del mes de octubre le corresponde a la Rep\u00fablica Dominicana, la Presidencia del Parlamento Centroamericano por tercera vez desde su fundaci\u00f3n. El primer diputado dominicano en presidir este organismo lo fue Manolo Pichardo en 2010. El segundo el escritor y actual embajador dominicano ante la Santa Sede, Tony Raful en 2017. Ambos realizaron una formidable labor a favor de la cooperaci\u00f3n e integraci\u00f3n de la regi\u00f3n. Lo propio est\u00e1n seguros que ocurrir\u00e1 con una tercera Presidencia.<\/p>\n","protected":false},"excerpt":{"rendered":"<p>SANTO DOMINGO, Rep\u00fablica Dominicana.- La subsede dominicana del Parlamento Centroamericano, PARLACEN, integrada por 22 honorables diputadas y diputados, aprovecha la ocasi\u00f3n para agradecer a los medios de comunicaci\u00f3n y a la opini\u00f3n p\u00fablica todo el apoyo que han recibido desde el ingreso de Rep\u00fablica Dominicana en el a\u00f1o 1998, como miembro con voz y voto [&hellip;]<\/p>\n","protected":false},"author":1,"featured_media":382219,"comment_status":"open","ping_status":"open","sticky":false,"template":"","format":"standard","meta":{"_bbp_topic_count":0,"_bbp_reply_count":0,"_bbp_total_topic_count":0,"_bbp_total_reply_count":0,"_bbp_voice_count":0,"_bbp_anonymous_reply_count":0,"_bbp_topic_count_hidden":0,"_bbp_reply_count_hidden":0,"_bbp_forum_subforum_count":0,"footnotes":""},"categories":[61],"tags":[],"class_list":{"0":"post-382218","1":"post","2":"type-post","3":"status-publish","4":"format-standard","5":"has-post-thumbnail","7":"category-mundo"},"_links":{"self":[{"href":"https:\/\/primermomento.com\/index.php?rest_route=\/wp\/v2\/posts\/382218","targetHints":{"allow":["GET"]}}],"collection":[{"href":"https:\/\/primermomento.com\/index.php?rest_route=\/wp\/v2\/posts"}],"about":[{"href":"https:\/\/primermomento.com\/index.php?rest_route=\/wp\/v2\/types\/post"}],"author":[{"embeddable":true,"href":"https:\/\/primermomento.com\/index.php?rest_route=\/wp\/v2\/users\/1"}],"replies":[{"embeddable":true,"href":"https:\/\/primermomento.com\/index.php?rest_route=%2Fwp%2Fv2%2Fcomments&post=382218"}],"version-history":[{"count":1,"href":"https:\/\/primermomento.com\/index.php?rest_route=\/wp\/v2\/posts\/382218\/revisions"}],"predecessor-version":[{"id":382220,"href":"https:\/\/primermomento.com\/index.php?rest_route=\/wp\/v2\/posts\/382218\/revisions\/382220"}],"wp:featuredmedia":[{"embeddable":true,"href":"https:\/\/primermomento.com\/index.php?rest_route=\/wp\/v2\/media\/382219"}],"wp:attachment":[{"href":"https:\/\/primermomento.com\/index.php?rest_route=%2Fwp%2Fv2%2Fmedia&parent=382218"}],"wp:term":[{"taxonomy":"category","embeddable":true,"href":"https:\/\/primermomento.com\/index.php?rest_route=%2Fwp%2Fv2%2Fcategories&post=382218"},{"taxonomy":"post_tag","embeddable":true,"href":"https:\/\/primermomento.com\/index.php?rest_route=%2Fwp%2Fv2%2Ftags&post=382218"}],"curies":[{"name":"wp","href":"https:\/\/api.w.org\/{rel}","templated":true}]}}