{"id":382344,"date":"2023-03-15T16:47:47","date_gmt":"2023-03-15T20:47:47","guid":{"rendered":"http:\/\/primermomento.com\/?p=382344"},"modified":"2023-03-18T09:42:26","modified_gmt":"2023-03-18T13:42:26","slug":"mas-de-24-mil-haitianos-fueron-repatriados-de-republica-dominicana","status":"publish","type":"post","link":"https:\/\/primermomento.com\/?p=382344","title":{"rendered":"M\u00e1s de 24 mil haitianos fueron repatriados de Rep\u00fablica Dominicana"},"content":{"rendered":"\n<p>PUERTO PR\u013aNCIPE, Hait\u00ed.- M\u00e1s de 24 mil haitianos fueron devueltos o retornados de la vecina Rep\u00fablica Dominicana revel\u00f3 hoy el Grupo de Apoyo a Repatriados y Refugiados (GARR), que denunci\u00f3 la violencia sistem\u00e1tica contra los migrantes.<\/p>\n\n\n\n<p>La organizaci\u00f3n critic\u00f3 que en los \u00faltimos cinco meses empeor\u00f3 la situaci\u00f3n de los migrantes que sufren abusos, deportaciones forzadas, tratos inhumanos y degradantes, adem\u00e1s de discriminaci\u00f3n y falta de protecci\u00f3n legal.<\/p>\n\n\n\n<p>Las mujeres y los ni\u00f1os son los m\u00e1s afectados por estas pr\u00e1cticas inhumanas, asegur\u00f3 la plataforma en su informe mensual.<\/p>\n\n\n\n<p>En total, 24 mil 428 personas fueron devueltas a Hait\u00ed, entre ellas 219 embarazadas y 331 menores no acompa\u00f1ados.<\/p>\n\n\n\n<p>El GARR deplor\u00f3 que, pese a la aparente calma en la frontera durante el mes de febrero, las repatriaciones se intensificaron y cuestion\u00f3 a las autoridades dominicanas que retiraron el proyecto de ley integral sobre la trata de seres humanos y el tr\u00e1fico il\u00edcito de migrantes tras las presiones de varios sectores.<\/p>\n\n\n\n<p>Asimismo, calific\u00f3 de deplorables las condiciones de detenci\u00f3n de los haitianos, y lament\u00f3 que las v\u00edctimas denunciaron violaciones recurrentes de sus derechos, robos, as\u00ed como violencia y agresiones sexuales.<\/p>\n\n\n\n<p class=\"has-text-align-right\"><em>PL<\/em><\/p>\n","protected":false},"excerpt":{"rendered":"<p>PUERTO PR\u013aNCIPE, Hait\u00ed.- M\u00e1s de 24 mil haitianos fueron devueltos o retornados de la vecina Rep\u00fablica Dominicana revel\u00f3 hoy el Grupo de Apoyo a Repatriados y Refugiados (GARR), que denunci\u00f3 la violencia sistem\u00e1tica contra los migrantes. La organizaci\u00f3n critic\u00f3 que en los \u00faltimos cinco meses empeor\u00f3 la situaci\u00f3n de los migrantes que sufren abusos, deportaciones [&hellip;]<\/p>\n","protected":false},"author":1,"featured_media":382345,"comment_status":"open","ping_status":"open","sticky":false,"template":"","format":"standard","meta":{"_bbp_topic_count":0,"_bbp_reply_count":0,"_bbp_total_topic_count":0,"_bbp_total_reply_count":0,"_bbp_voice_count":0,"_bbp_anonymous_reply_count":0,"_bbp_topic_count_hidden":0,"_bbp_reply_count_hidden":0,"_bbp_forum_subforum_count":0,"footnotes":""},"categories":[30,109],"tags":[],"class_list":{"0":"post-382344","1":"post","2":"type-post","3":"status-publish","4":"format-standard","5":"has-post-thumbnail","7":"category-actualidad","8":"category-eleccion"},"_links":{"self":[{"href":"https:\/\/primermomento.com\/index.php?rest_route=\/wp\/v2\/posts\/382344","targetHints":{"allow":["GET"]}}],"collection":[{"href":"https:\/\/primermomento.com\/index.php?rest_route=\/wp\/v2\/posts"}],"about":[{"href":"https:\/\/primermomento.com\/index.php?rest_route=\/wp\/v2\/types\/post"}],"author":[{"embeddable":true,"href":"https:\/\/primermomento.com\/index.php?rest_route=\/wp\/v2\/users\/1"}],"replies":[{"embeddable":true,"href":"https:\/\/primermomento.com\/index.php?rest_route=%2Fwp%2Fv2%2Fcomments&post=382344"}],"version-history":[{"count":1,"href":"https:\/\/primermomento.com\/index.php?rest_route=\/wp\/v2\/posts\/382344\/revisions"}],"predecessor-version":[{"id":382346,"href":"https:\/\/primermomento.com\/index.php?rest_route=\/wp\/v2\/posts\/382344\/revisions\/382346"}],"wp:featuredmedia":[{"embeddable":true,"href":"https:\/\/primermomento.com\/index.php?rest_route=\/wp\/v2\/media\/382345"}],"wp:attachment":[{"href":"https:\/\/primermomento.com\/index.php?rest_route=%2Fwp%2Fv2%2Fmedia&parent=382344"}],"wp:term":[{"taxonomy":"category","embeddable":true,"href":"https:\/\/primermomento.com\/index.php?rest_route=%2Fwp%2Fv2%2Fcategories&post=382344"},{"taxonomy":"post_tag","embeddable":true,"href":"https:\/\/primermomento.com\/index.php?rest_route=%2Fwp%2Fv2%2Ftags&post=382344"}],"curies":[{"name":"wp","href":"https:\/\/api.w.org\/{rel}","templated":true}]}}