{"id":382411,"date":"2023-03-16T16:57:12","date_gmt":"2023-03-16T20:57:12","guid":{"rendered":"http:\/\/primermomento.com\/?p=382411"},"modified":"2023-03-18T09:41:15","modified_gmt":"2023-03-18T13:41:15","slug":"bani-senador-franjul-pagara-inscripcion-a-estudiantes-del-centro-uasd","status":"publish","type":"post","link":"https:\/\/primermomento.com\/?p=382411","title":{"rendered":"BAN\u00cd | Senador Franjul pagar\u00e1 inscripci\u00f3n de estudiantes del centro UASD"},"content":{"rendered":"\n<p>BAN\u013a, Rep\u00fablica Dominicana.- El senador de la provincia Peravia, Milc\u00edades Marino Franjul, anunci\u00f3 hoy que pagar\u00e1 la inscripci\u00f3n de los estudiantes de nuevo ingreso del centro UASD-BAN\u00cd.<\/p>\n\n\n\n<p>El legislador resalt\u00f3 el gran valor que posee esta alta casa de estudios en la formaci\u00f3n profesional de los j\u00f3venes universitarios de la regi\u00f3n Valdesia, que se preparan para insertarse en el mercado laboral y realizar grandes aportes al desarrollo del pa\u00eds, al tiempo de felicitar a todos los graduandos de esta promoci\u00f3n.<\/p>\n\n\n\n<p>De su lado, la directora del centro, Luz Del Alba Diroci\u00e9, agradeci\u00f3 el gesto y aporte realizado por el congresista e invit\u00f3 a toda la juventud para que aprovechen esta oportunidad de beca con el pago de la inscripci\u00f3n para que los estudiantes realicen sus estudios.<\/p>\n\n\n\n<p>En la investidura tambi\u00e9n participaron el obispo de la Di\u00f3cesis de Ban\u00ed, monse\u00f1or V\u00edctor Emilio Masalles Pere, la subdirectora del centro, maestra Flor Pep\u00e9n, los exdirectores, Juan Lugo y Juan Hern\u00e1ndez, as\u00ed como el personal docente y administrativo, entre otros.<\/p>\n\n\n\n<p>Est\u00e1s declaraciones fueron ofrecidas durante el acto de entrega de t\u00edtulos universitarios a nuevos profesionales de la sexta graduaci\u00f3n ordinaria del centro UASD-BAN\u00cd.<\/p>\n\n\n\n<p class=\"has-text-align-right\"><em>Rosaira Peguero<\/em><\/p>\n","protected":false},"excerpt":{"rendered":"<p>BAN\u013a, Rep\u00fablica Dominicana.- El senador de la provincia Peravia, Milc\u00edades Marino Franjul, anunci\u00f3 hoy que pagar\u00e1 la inscripci\u00f3n de los estudiantes de nuevo ingreso del centro UASD-BAN\u00cd. El legislador resalt\u00f3 el gran valor que posee esta alta casa de estudios en la formaci\u00f3n profesional de los j\u00f3venes universitarios de la regi\u00f3n Valdesia, que se preparan [&hellip;]<\/p>\n","protected":false},"author":1,"featured_media":382412,"comment_status":"open","ping_status":"open","sticky":false,"template":"","format":"standard","meta":{"_bbp_topic_count":0,"_bbp_reply_count":0,"_bbp_total_topic_count":0,"_bbp_total_reply_count":0,"_bbp_voice_count":0,"_bbp_anonymous_reply_count":0,"_bbp_topic_count_hidden":0,"_bbp_reply_count_hidden":0,"_bbp_forum_subforum_count":0,"footnotes":""},"categories":[30,109],"tags":[],"class_list":{"0":"post-382411","1":"post","2":"type-post","3":"status-publish","4":"format-standard","5":"has-post-thumbnail","7":"category-actualidad","8":"category-eleccion"},"_links":{"self":[{"href":"https:\/\/primermomento.com\/index.php?rest_route=\/wp\/v2\/posts\/382411","targetHints":{"allow":["GET"]}}],"collection":[{"href":"https:\/\/primermomento.com\/index.php?rest_route=\/wp\/v2\/posts"}],"about":[{"href":"https:\/\/primermomento.com\/index.php?rest_route=\/wp\/v2\/types\/post"}],"author":[{"embeddable":true,"href":"https:\/\/primermomento.com\/index.php?rest_route=\/wp\/v2\/users\/1"}],"replies":[{"embeddable":true,"href":"https:\/\/primermomento.com\/index.php?rest_route=%2Fwp%2Fv2%2Fcomments&post=382411"}],"version-history":[{"count":3,"href":"https:\/\/primermomento.com\/index.php?rest_route=\/wp\/v2\/posts\/382411\/revisions"}],"predecessor-version":[{"id":382418,"href":"https:\/\/primermomento.com\/index.php?rest_route=\/wp\/v2\/posts\/382411\/revisions\/382418"}],"wp:featuredmedia":[{"embeddable":true,"href":"https:\/\/primermomento.com\/index.php?rest_route=\/wp\/v2\/media\/382412"}],"wp:attachment":[{"href":"https:\/\/primermomento.com\/index.php?rest_route=%2Fwp%2Fv2%2Fmedia&parent=382411"}],"wp:term":[{"taxonomy":"category","embeddable":true,"href":"https:\/\/primermomento.com\/index.php?rest_route=%2Fwp%2Fv2%2Fcategories&post=382411"},{"taxonomy":"post_tag","embeddable":true,"href":"https:\/\/primermomento.com\/index.php?rest_route=%2Fwp%2Fv2%2Ftags&post=382411"}],"curies":[{"name":"wp","href":"https:\/\/api.w.org\/{rel}","templated":true}]}}