{"id":382421,"date":"2023-03-16T18:55:42","date_gmt":"2023-03-16T22:55:42","guid":{"rendered":"http:\/\/primermomento.com\/?p=382421"},"modified":"2023-03-18T09:40:52","modified_gmt":"2023-03-18T13:40:52","slug":"banl-exsenador-wilton-guerrero-tuvo-exitosa-cirugia-en-hospital-de-ny","status":"publish","type":"post","link":"https:\/\/primermomento.com\/?p=382421","title":{"rendered":"BAN\u013a | Exsenador Wilton Guerrero tuvo exitosa cirug\u00eda en hospital de NY"},"content":{"rendered":"\n<ul class=\"wp-block-list\">\n<li><strong>Por segunda vez, fue operado de fractura en el f\u00e9mur el exsenador banilejo Wilton Guerrero; la primera intervenci\u00f3n se produjo aqu\u00ed en el pa\u00eds en febrero del 2022, en el Centro de Diagn\u00f3stico de Medicina Avanzada y Telemedicina (Cedimat).<\/strong><\/li>\n<\/ul>\n\n\n\n<p>BAN\u013a, Rep\u00fablica Dominicana.- La tarde de este mi\u00e9rcoles \u00faltimo, el exsenador de la provincia Peravia, Wilton Gurrero, fue sometido a una segunda intervenci\u00f3n quir\u00fargica para corregirle una fractura en el f\u00e9mur, que sufri\u00f3 en su residencia en Ban\u00ed, en febrero del a\u00f1o pasado.<\/p>\n\n\n\n<p>La primera intervenci\u00f3n se produjo aqu\u00ed en el pa\u00eds, en el Centro de Diagn\u00f3stico de Medicina Avanzada y Telemedicina (Cedimat) para corregirle la fisura hace un a\u00f1o ya (2022).<\/p>\n\n\n\n<p>13 meses despu\u00e9s se produce esta segunda operaci\u00f3n, luego de un amplio proceso de recuperaci\u00f3n y atenciones m\u00e9dicas, en Estados Unidos, en el Hospital HSS, de Manhattan, seg\u00fan revel\u00f3 el propio excongresista banilejo, desde ese centro hospitalario.<\/p>\n\n\n\n<p>Para este viernes 17 se espera le den la de alta a Guerrero, luego de esta segunda cirug\u00eda.<\/p>\n\n\n\n<p>\u201cEsta tarde fui sometido a la segunda cirug\u00eda en el Hospital HSS, de Manhattan. Todo sali\u00f3 bien gracias a Dios. Dentro de 2 d\u00edas me dan la de alta, si Dios quiere\u201d, expresaba el exsenador, la noche de este mi\u00e9rcoles \u00faltimo, v\u00eda WhatsApp.<\/p>\n\n\n\n<p>Guerrero, manifest\u00f3 las gracias a todos sus familiares, amistades y compa\u00f1eros de partido (PLD), por estar pendientes de su salud y por sus oraciones.<\/p>\n\n\n\n<p>\u201cMuchas gracias a todos mis familiares, los compa\u00f1eros y amistades que estuvieron pendientes y rogando al Se\u00f1or por mi recuperaci\u00f3n\u201d, expres\u00f3 agradecido Wilton Guerrero.<\/p>\n\n\n\n<p>Tan pronta reciba licencia de sus m\u00e9dicos, Guerrero regresar\u00e1 a Republica Dominicana a su natal Ban\u00ed, donde reside junto a su familia.<\/p>\n\n\n\n<p class=\"has-text-align-right\"><em>Jos\u00e9 Dic\u00e9n<\/em><\/p>\n","protected":false},"excerpt":{"rendered":"<p>BAN\u013a, Rep\u00fablica Dominicana.- La tarde de este mi\u00e9rcoles \u00faltimo, el exsenador de la provincia Peravia, Wilton Gurrero, fue sometido a una segunda intervenci\u00f3n quir\u00fargica para corregirle una fractura en el f\u00e9mur, que sufri\u00f3 en su residencia en Ban\u00ed, en febrero del a\u00f1o pasado. La primera intervenci\u00f3n se produjo aqu\u00ed en el pa\u00eds, en el Centro [&hellip;]<\/p>\n","protected":false},"author":1,"featured_media":274728,"comment_status":"open","ping_status":"open","sticky":false,"template":"","format":"standard","meta":{"_bbp_topic_count":0,"_bbp_reply_count":0,"_bbp_total_topic_count":0,"_bbp_total_reply_count":0,"_bbp_voice_count":0,"_bbp_anonymous_reply_count":0,"_bbp_topic_count_hidden":0,"_bbp_reply_count_hidden":0,"_bbp_forum_subforum_count":0,"footnotes":""},"categories":[30,109],"tags":[],"class_list":{"0":"post-382421","1":"post","2":"type-post","3":"status-publish","4":"format-standard","5":"has-post-thumbnail","7":"category-actualidad","8":"category-eleccion"},"_links":{"self":[{"href":"https:\/\/primermomento.com\/index.php?rest_route=\/wp\/v2\/posts\/382421","targetHints":{"allow":["GET"]}}],"collection":[{"href":"https:\/\/primermomento.com\/index.php?rest_route=\/wp\/v2\/posts"}],"about":[{"href":"https:\/\/primermomento.com\/index.php?rest_route=\/wp\/v2\/types\/post"}],"author":[{"embeddable":true,"href":"https:\/\/primermomento.com\/index.php?rest_route=\/wp\/v2\/users\/1"}],"replies":[{"embeddable":true,"href":"https:\/\/primermomento.com\/index.php?rest_route=%2Fwp%2Fv2%2Fcomments&post=382421"}],"version-history":[{"count":5,"href":"https:\/\/primermomento.com\/index.php?rest_route=\/wp\/v2\/posts\/382421\/revisions"}],"predecessor-version":[{"id":382432,"href":"https:\/\/primermomento.com\/index.php?rest_route=\/wp\/v2\/posts\/382421\/revisions\/382432"}],"wp:featuredmedia":[{"embeddable":true,"href":"https:\/\/primermomento.com\/index.php?rest_route=\/wp\/v2\/media\/274728"}],"wp:attachment":[{"href":"https:\/\/primermomento.com\/index.php?rest_route=%2Fwp%2Fv2%2Fmedia&parent=382421"}],"wp:term":[{"taxonomy":"category","embeddable":true,"href":"https:\/\/primermomento.com\/index.php?rest_route=%2Fwp%2Fv2%2Fcategories&post=382421"},{"taxonomy":"post_tag","embeddable":true,"href":"https:\/\/primermomento.com\/index.php?rest_route=%2Fwp%2Fv2%2Ftags&post=382421"}],"curies":[{"name":"wp","href":"https:\/\/api.w.org\/{rel}","templated":true}]}}