{"id":382470,"date":"2023-03-17T10:07:06","date_gmt":"2023-03-17T14:07:06","guid":{"rendered":"http:\/\/primermomento.com\/?p=382470"},"modified":"2023-03-18T09:40:14","modified_gmt":"2023-03-18T13:40:14","slug":"gobierno-nacional-celebrara-la-batalla-independentista-de-azua","status":"publish","type":"post","link":"https:\/\/primermomento.com\/?p=382470","title":{"rendered":"Gobierno nacional exaltar\u00e1 batalla independentista de Azua"},"content":{"rendered":"\n<p>AZUA, Rep\u00fablica Dominicana.- La Comisi\u00f3n Permanente de Efem\u00e9rides Patrias, instituci\u00f3n adscrita a la Presidencia de la Rep\u00fablica, anunci\u00f3 que el patriotismo y los valores hist\u00f3ricos de la dominicanidad ser\u00e1n ampliamente exaltados en los actos que con motivo del 179 aniversario de la batalla independentista del 19 de marzo de 1844, ser\u00e1n realizados este domingo en la provincia de Azua, escenario del acontecimiento hist\u00f3rico.<\/p>\n\n\n\n<p>Juan Pablo Uribe, presidente de la entidad, dijo que: \u201ces una l\u00ednea c\u00edvica y educativa articulada y dirigida por el presidente de la Rep\u00fablica, Luis Abinader, celebrar, difundir y consolidar los elementos ideol\u00f3gicos, espirituales y simb\u00f3licos que caracterizan la dominicanidad como identidad nacional, porque de esta manera nos engrandecemos como naci\u00f3n capaz de avanzar por encima de cualquier desaf\u00edo y honramos a nuestros h\u00e9roes y m\u00e1rtires; la Comisi\u00f3n de Efem\u00e9rides Patrias cumple cabalmente esta voluntad presidencial\u201d.<\/p>\n\n\n\n<p>Uribe inform\u00f3 que los actos iniciar\u00e1n a las 8:00 de la ma\u00f1ana con un ritual militar, c\u00edvico y nacionalista, en el Parque 19 de Marzo y a media ma\u00f1ana el presidente Abinader encabezar\u00e1 un desfile c\u00edvico, militar y policial que resaltar\u00e1 la soberan\u00eda nacional, la dominicanidad y el papel desempe\u00f1ado por Azua y el Sur, en la consolidaci\u00f3n de la independencia proclamada el 27 de febrero de 1844.<\/p>\n","protected":false},"excerpt":{"rendered":"<p>AZUA, Rep\u00fablica Dominicana.- La Comisi\u00f3n Permanente de Efem\u00e9rides Patrias, instituci\u00f3n adscrita a la Presidencia de la Rep\u00fablica, anunci\u00f3 que el patriotismo y los valores hist\u00f3ricos de la dominicanidad ser\u00e1n ampliamente exaltados en los actos que con motivo del 179 aniversario de la batalla independentista del 19 de marzo de 1844, ser\u00e1n realizados este domingo en [&hellip;]<\/p>\n","protected":false},"author":1,"featured_media":382471,"comment_status":"open","ping_status":"open","sticky":false,"template":"","format":"standard","meta":{"_bbp_topic_count":0,"_bbp_reply_count":0,"_bbp_total_topic_count":0,"_bbp_total_reply_count":0,"_bbp_voice_count":0,"_bbp_anonymous_reply_count":0,"_bbp_topic_count_hidden":0,"_bbp_reply_count_hidden":0,"_bbp_forum_subforum_count":0,"footnotes":""},"categories":[30,109],"tags":[],"class_list":{"0":"post-382470","1":"post","2":"type-post","3":"status-publish","4":"format-standard","5":"has-post-thumbnail","7":"category-actualidad","8":"category-eleccion"},"_links":{"self":[{"href":"https:\/\/primermomento.com\/index.php?rest_route=\/wp\/v2\/posts\/382470","targetHints":{"allow":["GET"]}}],"collection":[{"href":"https:\/\/primermomento.com\/index.php?rest_route=\/wp\/v2\/posts"}],"about":[{"href":"https:\/\/primermomento.com\/index.php?rest_route=\/wp\/v2\/types\/post"}],"author":[{"embeddable":true,"href":"https:\/\/primermomento.com\/index.php?rest_route=\/wp\/v2\/users\/1"}],"replies":[{"embeddable":true,"href":"https:\/\/primermomento.com\/index.php?rest_route=%2Fwp%2Fv2%2Fcomments&post=382470"}],"version-history":[{"count":3,"href":"https:\/\/primermomento.com\/index.php?rest_route=\/wp\/v2\/posts\/382470\/revisions"}],"predecessor-version":[{"id":382474,"href":"https:\/\/primermomento.com\/index.php?rest_route=\/wp\/v2\/posts\/382470\/revisions\/382474"}],"wp:featuredmedia":[{"embeddable":true,"href":"https:\/\/primermomento.com\/index.php?rest_route=\/wp\/v2\/media\/382471"}],"wp:attachment":[{"href":"https:\/\/primermomento.com\/index.php?rest_route=%2Fwp%2Fv2%2Fmedia&parent=382470"}],"wp:term":[{"taxonomy":"category","embeddable":true,"href":"https:\/\/primermomento.com\/index.php?rest_route=%2Fwp%2Fv2%2Fcategories&post=382470"},{"taxonomy":"post_tag","embeddable":true,"href":"https:\/\/primermomento.com\/index.php?rest_route=%2Fwp%2Fv2%2Ftags&post=382470"}],"curies":[{"name":"wp","href":"https:\/\/api.w.org\/{rel}","templated":true}]}}