{"id":382694,"date":"2023-03-20T15:47:53","date_gmt":"2023-03-20T19:47:53","guid":{"rendered":"https:\/\/primermomento.com\/?p=382694"},"modified":"2023-03-21T09:45:54","modified_gmt":"2023-03-21T13:45:54","slug":"republica-dominicana-sera-convertida-en-la-capital-iberoamericana","status":"publish","type":"post","link":"https:\/\/primermomento.com\/?p=382694","title":{"rendered":"Rep\u00fablica Dominicana ser\u00e1 convertida en la capital iberoamericana"},"content":{"rendered":"\n<p>SANTO DOMINGO, Rep\u00fablica Dominicana.- La Rep\u00fablica Dominicana ser\u00e1 convertida en esta semana de forma simb\u00f3lica pero importante, en la capital iberoamericana, se\u00f1al\u00f3 hoy el ministro de Relaciones Exteriores de esta naci\u00f3n, Roberto \u00c1lvarez.<\/p>\n\n\n\n<p>En rueda de prensa en la sede de la Canciller\u00eda, \u00c1lvarez abord\u00f3 la preparaci\u00f3n del pa\u00eds para tan importante cita y anunci\u00f3 que en la XXVIII Cumbre Iberoamericana de Jefes de Estado y de Gobierno, a efectuarse del 22 al 25 de marzo, estar\u00e1n presentes las 22 naciones integrantes y hasta el momento se espera la presencia de unos 14 jefes de Estado.<\/p>\n\n\n\n<p>Explic\u00f3 como ser\u00e1 la primera Cumbre presencial desde 2019 debido a la pandemia y de ah\u00ed que su importancia sea a\u00fan mayor.<\/p>\n\n\n\n<p>Precis\u00f3 que previo a la Cumbre ser\u00e1 llevado a cabo en el Centro de Convenciones de Sansouci en esta capital, un Foro Empresarial en el cual participar\u00e1n m\u00e1s de mil empresarios, y en el estar\u00e1n presentes varios jefes de Estado el viernes 24 en horas de la tarde junto al presidente, Luis Abinader.<\/p>\n\n\n\n<p>El magno evento ser\u00e1 inaugurado el jueves 24 en la Fortaleza Ozama y al otro d\u00eda ser\u00e1 la reuni\u00f3n, de la cual saldr\u00e1 una Declaraci\u00f3n que principalmente contendr\u00e1 una carta digital iberoamericana, una medioambiental, una ruta cr\u00edtica de seguridad alimentaria y pautas de otras \u00e1reas como el acceso al financiamiento para los pa\u00edses de renta media.<\/p>\n\n\n\n<p>\u00c1lvarez puntualiz\u00f3 como la parte esencial del trabajo de las cumbres son las reuniones de ministros de diversas ramas y los foros, y dijo que en total fueron celebradas 13 reuniones preparatorias.<\/p>\n\n\n\n<p>En el encuentro con los periodistas acreditados al evento, tambi\u00e9n particip\u00f3 el viceministro de Pol\u00edtica Exterior Multilateral, Rub\u00e9n Sili\u00e9, quien respondi\u00f3 inquietudes de los miembros de la prensa.<\/p>\n\n\n\n<p>Con respecto al tema de Hait\u00ed, sostuvo que en la Cumbre se hablar\u00e1 del tema migratorio, sin embargo, no asegur\u00f3 conversar\u00e1n espec\u00edficamente sobre la crisis en el pa\u00eds vecino.<\/p>\n\n\n\n<p>\u201cHait\u00ed es un tema que posiblemente puede salir en la declaraci\u00f3n, pero como nosotros siendo los anfitriones de este magno evento no podemos imponerles en la agenda un tema el cual no les compete\u201d, agreg\u00f3.<\/p>\n\n\n\n<p>Tambi\u00e9n inform\u00f3 que dentro de la Cumbre habr\u00e1 un almuerzo privado en el Palacio Nacional con los mandatarios participantes, encabezado por Abinader, sin una agenda establecida sobre los temas a tratar pues el encuentro ser\u00e1 para socializar.<\/p>\n\n\n\n<p class=\"has-text-align-right\">Edilberto F. M\u00e9ndez Amador\/<em>PL<\/em><\/p>\n","protected":false},"excerpt":{"rendered":"<p>SANTO DOMINGO, Rep\u00fablica Dominicana.- La Rep\u00fablica Dominicana ser\u00e1 convertida en esta semana de forma simb\u00f3lica pero importante, en la capital iberoamericana, se\u00f1al\u00f3 hoy el ministro de Relaciones Exteriores de esta naci\u00f3n, Roberto \u00c1lvarez. En rueda de prensa en la sede de la Canciller\u00eda, \u00c1lvarez abord\u00f3 la preparaci\u00f3n del pa\u00eds para tan importante cita y anunci\u00f3 [&hellip;]<\/p>\n","protected":false},"author":1,"featured_media":382695,"comment_status":"open","ping_status":"open","sticky":false,"template":"","format":"standard","meta":{"_bbp_topic_count":0,"_bbp_reply_count":0,"_bbp_total_topic_count":0,"_bbp_total_reply_count":0,"_bbp_voice_count":0,"_bbp_anonymous_reply_count":0,"_bbp_topic_count_hidden":0,"_bbp_reply_count_hidden":0,"_bbp_forum_subforum_count":0,"footnotes":""},"categories":[61],"tags":[],"class_list":{"0":"post-382694","1":"post","2":"type-post","3":"status-publish","4":"format-standard","5":"has-post-thumbnail","7":"category-mundo"},"_links":{"self":[{"href":"https:\/\/primermomento.com\/index.php?rest_route=\/wp\/v2\/posts\/382694","targetHints":{"allow":["GET"]}}],"collection":[{"href":"https:\/\/primermomento.com\/index.php?rest_route=\/wp\/v2\/posts"}],"about":[{"href":"https:\/\/primermomento.com\/index.php?rest_route=\/wp\/v2\/types\/post"}],"author":[{"embeddable":true,"href":"https:\/\/primermomento.com\/index.php?rest_route=\/wp\/v2\/users\/1"}],"replies":[{"embeddable":true,"href":"https:\/\/primermomento.com\/index.php?rest_route=%2Fwp%2Fv2%2Fcomments&post=382694"}],"version-history":[{"count":1,"href":"https:\/\/primermomento.com\/index.php?rest_route=\/wp\/v2\/posts\/382694\/revisions"}],"predecessor-version":[{"id":382696,"href":"https:\/\/primermomento.com\/index.php?rest_route=\/wp\/v2\/posts\/382694\/revisions\/382696"}],"wp:featuredmedia":[{"embeddable":true,"href":"https:\/\/primermomento.com\/index.php?rest_route=\/wp\/v2\/media\/382695"}],"wp:attachment":[{"href":"https:\/\/primermomento.com\/index.php?rest_route=%2Fwp%2Fv2%2Fmedia&parent=382694"}],"wp:term":[{"taxonomy":"category","embeddable":true,"href":"https:\/\/primermomento.com\/index.php?rest_route=%2Fwp%2Fv2%2Fcategories&post=382694"},{"taxonomy":"post_tag","embeddable":true,"href":"https:\/\/primermomento.com\/index.php?rest_route=%2Fwp%2Fv2%2Ftags&post=382694"}],"curies":[{"name":"wp","href":"https:\/\/api.w.org\/{rel}","templated":true}]}}