{"id":382792,"date":"2023-03-22T11:56:27","date_gmt":"2023-03-22T15:56:27","guid":{"rendered":"https:\/\/primermomento.com\/?p=382792"},"modified":"2023-03-22T17:02:03","modified_gmt":"2023-03-22T21:02:03","slug":"banl-inapa-llama-a-racionar-agua-potable-por-la-sequia","status":"publish","type":"post","link":"https:\/\/primermomento.com\/?p=382792","title":{"rendered":"BAN\u013a | INAPA llama a racionar agua potable por sequ\u00eda que afecta al pa\u00eds"},"content":{"rendered":"\n<p>BAN\u013a, Rep\u00fablica Dominicana.- La Direcci\u00f3n Provincial del Instituto Nacional de Aguas Potables y Alcantarillados (INAPA), en la provincia Peravia, llam\u00f3 este mi\u00e9rcoles a la ciudadan\u00eda a racionar el l\u00edquido ante la acentuada sequ\u00eda que afecta al pa\u00eds provocada por los efectos del fen\u00f3meno clim\u00e1tico de El Ni\u00f1o.<\/p>\n\n\n\n<p>Melvin Ram\u00edrez, director provincial del Inapa, dijo que la celebraci\u00f3n del D\u00eda Mundial del Agua que se conmemora hoy 22 de marzo, encuentra a la Rep\u00fablica Dominicana en medio en una situaci\u00f3n cr\u00edtica, debido a la escasez de agua potable, a causa de la disminuci\u00f3n en los niveles de los embalses de las presas.<\/p>\n\n\n\n<p>\u201cNuestros sistemas de captaci\u00f3n de agua para el suministro y consumo humano han bajado considerablemente, tanto en la Planta Potabilizadora de La Gina, como en el Acueducto M\u00faltiple de Peravia, la primera solo est\u00e1 trabajando en un 15 % de su capacidad y el acueducto ha dejado de aportar unos 200 litros por segundo, seg\u00fan su capacidad. Es por eso que exhortamos a la ciudadan\u00eda hacer uso racional del agua\u201d, puntualiz\u00f3.<\/p>\n\n\n\n<p>Explic\u00f3 que esas son las razones por las que actualmente la provincia Peravia atraviesa un desabastecimiento de agua potable que afecta marcadamente a la zona Norte de Ban\u00ed.<\/p>\n\n\n\n<p>Indic\u00f3, adem\u00e1s, que Inapa Peravia est\u00e1 trabajando para mejorar dicha situaci\u00f3n y en los pr\u00f3ximos d\u00edas restablecer el servicio; al mismo tiempo, pidi\u00f3 disculpas a la poblaci\u00f3n.<\/p>\n\n\n\n<p><\/p>\n","protected":false},"excerpt":{"rendered":"<p>BAN\u013a, Rep\u00fablica Dominicana.- La Direcci\u00f3n Provincial del Instituto Nacional de Aguas Potables y Alcantarillados (INAPA), en la provincia Peravia, llam\u00f3 este mi\u00e9rcoles a la ciudadan\u00eda a racionar el l\u00edquido ante la acentuada sequ\u00eda que afecta al pa\u00eds provocada por los efectos del fen\u00f3meno clim\u00e1tico de El Ni\u00f1o. Melvin Ram\u00edrez, director provincial del Inapa, dijo que [&hellip;]<\/p>\n","protected":false},"author":1,"featured_media":290034,"comment_status":"open","ping_status":"open","sticky":false,"template":"","format":"standard","meta":{"_bbp_topic_count":0,"_bbp_reply_count":0,"_bbp_total_topic_count":0,"_bbp_total_reply_count":0,"_bbp_voice_count":0,"_bbp_anonymous_reply_count":0,"_bbp_topic_count_hidden":0,"_bbp_reply_count_hidden":0,"_bbp_forum_subforum_count":0,"footnotes":""},"categories":[30,109],"tags":[],"class_list":{"0":"post-382792","1":"post","2":"type-post","3":"status-publish","4":"format-standard","5":"has-post-thumbnail","7":"category-actualidad","8":"category-eleccion"},"_links":{"self":[{"href":"https:\/\/primermomento.com\/index.php?rest_route=\/wp\/v2\/posts\/382792","targetHints":{"allow":["GET"]}}],"collection":[{"href":"https:\/\/primermomento.com\/index.php?rest_route=\/wp\/v2\/posts"}],"about":[{"href":"https:\/\/primermomento.com\/index.php?rest_route=\/wp\/v2\/types\/post"}],"author":[{"embeddable":true,"href":"https:\/\/primermomento.com\/index.php?rest_route=\/wp\/v2\/users\/1"}],"replies":[{"embeddable":true,"href":"https:\/\/primermomento.com\/index.php?rest_route=%2Fwp%2Fv2%2Fcomments&post=382792"}],"version-history":[{"count":2,"href":"https:\/\/primermomento.com\/index.php?rest_route=\/wp\/v2\/posts\/382792\/revisions"}],"predecessor-version":[{"id":382794,"href":"https:\/\/primermomento.com\/index.php?rest_route=\/wp\/v2\/posts\/382792\/revisions\/382794"}],"wp:featuredmedia":[{"embeddable":true,"href":"https:\/\/primermomento.com\/index.php?rest_route=\/wp\/v2\/media\/290034"}],"wp:attachment":[{"href":"https:\/\/primermomento.com\/index.php?rest_route=%2Fwp%2Fv2%2Fmedia&parent=382792"}],"wp:term":[{"taxonomy":"category","embeddable":true,"href":"https:\/\/primermomento.com\/index.php?rest_route=%2Fwp%2Fv2%2Fcategories&post=382792"},{"taxonomy":"post_tag","embeddable":true,"href":"https:\/\/primermomento.com\/index.php?rest_route=%2Fwp%2Fv2%2Ftags&post=382792"}],"curies":[{"name":"wp","href":"https:\/\/api.w.org\/{rel}","templated":true}]}}